{"id":5687,"date":"2026-04-23T20:20:16","date_gmt":"2026-04-23T18:20:16","guid":{"rendered":"https:\/\/gcksirwegliniec.pl\/?p=5687"},"modified":"2026-04-28T20:20:51","modified_gmt":"2026-04-28T18:20:51","slug":"swieto-konstytucji-3-maja-w-weglincu","status":"publish","type":"post","link":"https:\/\/gcksirwegliniec.pl\/?p=5687","title":{"rendered":"\u015awi\u0119to Konstytucji 3 Maja w W\u0119gli\u0144cu"},"content":{"rendered":"\n<div style=\"height:10px\" aria-hidden=\"true\" class=\"wp-block-spacer\"><\/div>\n\n\n\n<p class=\"wp-block-paragraph\">W imieniu Burmistrza Gminy i Miasta W\u0119gliniec Mariusza Wieczorka serdecznie zapraszamy mieszka\u0144c\u00f3w do wsp\u00f3lnego uczczenia 235. rocznicy uchwalenia Konstytucji 3 Maja.<\/p>\n\n\n\n<p class=\"wp-block-paragraph\"><img loading=\"lazy\" decoding=\"async\" height=\"16\" width=\"16\" alt=\"\ud83d\udcc5\" src=\"https:\/\/static.xx.fbcdn.net\/images\/emoji.php\/v9\/t1d\/2\/16\/1f4c5.png\"> Program obchod\u00f3w w dniu 3 maja 2026:<\/p>\n\n\n\n<p class=\"wp-block-paragraph\"><img loading=\"lazy\" decoding=\"async\" height=\"16\" width=\"16\" alt=\"\ud83d\udd50\" src=\"https:\/\/static.xx.fbcdn.net\/images\/emoji.php\/v9\/t47\/2\/16\/1f550.png\"> 13:00 \u2013 Msza \u015awi\u0119ta w intencji Ojczyzny (Ko\u015bci\u00f3\u0142 pw. Matki Bo\u017cej Kr\u00f3lowej Polski)<\/p>\n\n\n\n<p class=\"wp-block-paragraph\"><img loading=\"lazy\" decoding=\"async\" height=\"16\" width=\"16\" alt=\"\ud83d\udd51\" src=\"https:\/\/static.xx.fbcdn.net\/images\/emoji.php\/v9\/tc8\/2\/16\/1f551.png\"> 14:00 \u2013 Cz\u0119\u015b\u0107 oficjalna pod pomnikiem (Park im. Ks. Pra\u0142ata Bronis\u0142awa Ma\u015blanki)<\/p>\n\n\n\n<p class=\"wp-block-paragraph\"><img loading=\"lazy\" decoding=\"async\" height=\"16\" width=\"16\" alt=\"\ud83d\udd5d\" src=\"https:\/\/static.xx.fbcdn.net\/images\/emoji.php\/v9\/t7b\/2\/16\/1f55d.png\"> 14:30 \u2013 Cz\u0119\u015b\u0107 artystyczna wydarzenia (Park im. Ks. Pra\u0142ata Bronis\u0142awa Ma\u015blanki)<\/p>\n\n\n\n<p class=\"wp-block-paragraph\">Po uroczysto\u015bciach zapraszamy na wsp\u00f3lne spotkanie przy groch\u00f3wce <img loading=\"lazy\" decoding=\"async\" height=\"16\" width=\"16\" alt=\"\ud83c\uddf5\ud83c\uddf1\" src=\"https:\/\/static.xx.fbcdn.net\/images\/emoji.php\/v9\/t3f\/2\/16\/1f1f5_1f1f1.png\"><\/p>\n\n\n\n<div style=\"height:11px\" aria-hidden=\"true\" class=\"wp-block-spacer\"><\/div>\n\n\n\n<figure class=\"wp-block-image size-large\"><img decoding=\"async\" src=\"https:\/\/gcksirwegliniec.pl\/wp-content\/uploads\/2026\/04\/36-724x1024.png\" alt=\"\" class=\"wp-image-5669\"\/><\/figure>\n","protected":false},"excerpt":{"rendered":"<p>W imieniu Burmistrza Gminy i Miasta W\u0119gliniec Mariusza Wieczorka serdecznie zapraszamy mieszka\u0144c\u00f3w do wsp\u00f3lnego uczczenia&#46;&#46;&#46;<\/p>\n","protected":false},"author":1,"featured_media":5669,"comment_status":"open","ping_status":"open","sticky":false,"template":"","format":"standard","meta":{"_eb_attr":"","_crdt_document":"","_uag_custom_page_level_css":"","_jetpack_memberships_contains_paid_content":false,"footnotes":""},"categories":[5],"tags":[],"class_list":["post-5687","post","type-post","status-publish","format-standard","has-post-thumbnail","hentry","category-zapowiedz"],"yoast_head":"<!-- This site is optimized with the Yoast SEO plugin v26.9 - https:\/\/yoast.com\/product\/yoast-seo-wordpress\/ -->\n<title>\u015awi\u0119to Konstytucji 3 Maja w W\u0119gli\u0144cu - GCKSiR W\u0119gliniec<\/title>\n<meta name=\"robots\" content=\"index, follow, max-snippet:-1, max-image-preview:large, max-video-preview:-1\" \/>\n<link rel=\"canonical\" href=\"https:\/\/gcksirwegliniec.pl\/?p=5687\" \/>\n<meta property=\"og:locale\" content=\"pl_PL\" \/>\n<meta property=\"og:type\" content=\"article\" \/>\n<meta property=\"og:title\" content=\"\u015awi\u0119to Konstytucji 3 Maja w W\u0119gli\u0144cu - GCKSiR W\u0119gliniec\" \/>\n<meta property=\"og:description\" content=\"W imieniu Burmistrza Gminy i Miasta W\u0119gliniec Mariusza Wieczorka serdecznie zapraszamy mieszka\u0144c\u00f3w do wsp\u00f3lnego uczczenia&#046;&#046;&#046;\" \/>\n<meta property=\"og:url\" content=\"https:\/\/gcksirwegliniec.pl\/?p=5687\" \/>\n<meta property=\"og:site_name\" content=\"GCKSiR W\u0119gliniec\" \/>\n<meta property=\"article:published_time\" content=\"2026-04-23T18:20:16+00:00\" \/>\n<meta property=\"article:modified_time\" content=\"2026-04-28T18:20:51+00:00\" \/>\n<meta property=\"og:image\" content=\"https:\/\/gcksirwegliniec.pl\/wp-content\/uploads\/2026\/04\/36-e1777400366908.png\" \/>\n\t<meta property=\"og:image:width\" content=\"1413\" \/>\n\t<meta property=\"og:image:height\" content=\"740\" \/>\n\t<meta property=\"og:image:type\" content=\"image\/png\" \/>\n<meta name=\"author\" content=\"admin\" \/>\n<meta name=\"twitter:card\" content=\"summary_large_image\" \/>\n<meta name=\"twitter:label1\" content=\"Napisane przez\" \/>\n\t<meta name=\"twitter:data1\" content=\"admin\" \/>\n\t<meta name=\"twitter:label2\" content=\"Szacowany czas czytania\" \/>\n\t<meta name=\"twitter:data2\" content=\"2 minuty\" \/>\n<script type=\"application\/ld+json\" class=\"yoast-schema-graph\">{\"@context\":\"https:\/\/schema.org\",\"@graph\":[{\"@type\":\"Article\",\"@id\":\"https:\/\/gcksirwegliniec.pl\/?p=5687#article\",\"isPartOf\":{\"@id\":\"https:\/\/gcksirwegliniec.pl\/?p=5687\"},\"author\":{\"name\":\"admin\",\"@id\":\"https:\/\/gcksirwegliniec.pl\/#\/schema\/person\/fabde4b0af16fcbecf71d410bc4fb681\"},\"headline\":\"\u015awi\u0119to Konstytucji 3 Maja w W\u0119gli\u0144cu\",\"datePublished\":\"2026-04-23T18:20:16+00:00\",\"dateModified\":\"2026-04-28T18:20:51+00:00\",\"mainEntityOfPage\":{\"@id\":\"https:\/\/gcksirwegliniec.pl\/?p=5687\"},\"wordCount\":88,\"commentCount\":0,\"publisher\":{\"@id\":\"https:\/\/gcksirwegliniec.pl\/#organization\"},\"image\":{\"@id\":\"https:\/\/gcksirwegliniec.pl\/?p=5687#primaryimage\"},\"thumbnailUrl\":\"https:\/\/gcksirwegliniec.pl\/wp-content\/uploads\/2026\/04\/36-e1777400366908.png\",\"articleSection\":[\"Zapowied\u017a\"],\"inLanguage\":\"pl-PL\",\"potentialAction\":[{\"@type\":\"CommentAction\",\"name\":\"Comment\",\"target\":[\"https:\/\/gcksirwegliniec.pl\/?p=5687#respond\"]}]},{\"@type\":\"WebPage\",\"@id\":\"https:\/\/gcksirwegliniec.pl\/?p=5687\",\"url\":\"https:\/\/gcksirwegliniec.pl\/?p=5687\",\"name\":\"\u015awi\u0119to Konstytucji 3 Maja w W\u0119gli\u0144cu - GCKSiR W\u0119gliniec\",\"isPartOf\":{\"@id\":\"https:\/\/gcksirwegliniec.pl\/#website\"},\"primaryImageOfPage\":{\"@id\":\"https:\/\/gcksirwegliniec.pl\/?p=5687#primaryimage\"},\"image\":{\"@id\":\"https:\/\/gcksirwegliniec.pl\/?p=5687#primaryimage\"},\"thumbnailUrl\":\"https:\/\/gcksirwegliniec.pl\/wp-content\/uploads\/2026\/04\/36-e1777400366908.png\",\"datePublished\":\"2026-04-23T18:20:16+00:00\",\"dateModified\":\"2026-04-28T18:20:51+00:00\",\"breadcrumb\":{\"@id\":\"https:\/\/gcksirwegliniec.pl\/?p=5687#breadcrumb\"},\"inLanguage\":\"pl-PL\",\"potentialAction\":[{\"@type\":\"ReadAction\",\"target\":[\"https:\/\/gcksirwegliniec.pl\/?p=5687\"]}]},{\"@type\":\"ImageObject\",\"inLanguage\":\"pl-PL\",\"@id\":\"https:\/\/gcksirwegliniec.pl\/?p=5687#primaryimage\",\"url\":\"https:\/\/gcksirwegliniec.pl\/wp-content\/uploads\/2026\/04\/36-e1777400366908.png\",\"contentUrl\":\"https:\/\/gcksirwegliniec.pl\/wp-content\/uploads\/2026\/04\/36-e1777400366908.png\",\"width\":1413,\"height\":740},{\"@type\":\"BreadcrumbList\",\"@id\":\"https:\/\/gcksirwegliniec.pl\/?p=5687#breadcrumb\",\"itemListElement\":[{\"@type\":\"ListItem\",\"position\":1,\"name\":\"Home\",\"item\":\"https:\/\/gcksirwegliniec.pl\/\"},{\"@type\":\"ListItem\",\"position\":2,\"name\":\"\u015awi\u0119to Konstytucji 3 Maja w W\u0119gli\u0144cu\"}]},{\"@type\":\"WebSite\",\"@id\":\"https:\/\/gcksirwegliniec.pl\/#website\",\"url\":\"https:\/\/gcksirwegliniec.pl\/\",\"name\":\"GCKSiR W\u0119gliniec\",\"description\":\"\",\"publisher\":{\"@id\":\"https:\/\/gcksirwegliniec.pl\/#organization\"},\"potentialAction\":[{\"@type\":\"SearchAction\",\"target\":{\"@type\":\"EntryPoint\",\"urlTemplate\":\"https:\/\/gcksirwegliniec.pl\/?s={search_term_string}\"},\"query-input\":{\"@type\":\"PropertyValueSpecification\",\"valueRequired\":true,\"valueName\":\"search_term_string\"}}],\"inLanguage\":\"pl-PL\"},{\"@type\":\"Organization\",\"@id\":\"https:\/\/gcksirwegliniec.pl\/#organization\",\"name\":\"GCKSiR W\u0119gliniec\",\"url\":\"https:\/\/gcksirwegliniec.pl\/\",\"logo\":{\"@type\":\"ImageObject\",\"inLanguage\":\"pl-PL\",\"@id\":\"https:\/\/gcksirwegliniec.pl\/#\/schema\/logo\/image\/\",\"url\":\"https:\/\/gcksirwegliniec.pl\/wp-content\/uploads\/2025\/08\/cropped-A790B771-B708-480A-B996-7A8B9BB2ABCE.jpeg\",\"contentUrl\":\"https:\/\/gcksirwegliniec.pl\/wp-content\/uploads\/2025\/08\/cropped-A790B771-B708-480A-B996-7A8B9BB2ABCE.jpeg\",\"width\":689,\"height\":435,\"caption\":\"GCKSiR W\u0119gliniec\"},\"image\":{\"@id\":\"https:\/\/gcksirwegliniec.pl\/#\/schema\/logo\/image\/\"}},{\"@type\":\"Person\",\"@id\":\"https:\/\/gcksirwegliniec.pl\/#\/schema\/person\/fabde4b0af16fcbecf71d410bc4fb681\",\"name\":\"admin\",\"image\":{\"@type\":\"ImageObject\",\"inLanguage\":\"pl-PL\",\"@id\":\"https:\/\/gcksirwegliniec.pl\/#\/schema\/person\/image\/\",\"url\":\"https:\/\/secure.gravatar.com\/avatar\/548e407bfa377e5c0a3956ad929b032fb581c740b209e04c2371b3d6d80514d5?s=96&d=mm&r=g\",\"contentUrl\":\"https:\/\/secure.gravatar.com\/avatar\/548e407bfa377e5c0a3956ad929b032fb581c740b209e04c2371b3d6d80514d5?s=96&d=mm&r=g\",\"caption\":\"admin\"},\"sameAs\":[\"http:\/\/strona.gcksirwegliniec.pl\"],\"url\":\"https:\/\/gcksirwegliniec.pl\/?author=1\"}]}<\/script>\n<!-- \/ Yoast SEO plugin. -->","yoast_head_json":{"title":"\u015awi\u0119to Konstytucji 3 Maja w W\u0119gli\u0144cu - GCKSiR W\u0119gliniec","robots":{"index":"index","follow":"follow","max-snippet":"max-snippet:-1","max-image-preview":"max-image-preview:large","max-video-preview":"max-video-preview:-1"},"canonical":"https:\/\/gcksirwegliniec.pl\/?p=5687","og_locale":"pl_PL","og_type":"article","og_title":"\u015awi\u0119to Konstytucji 3 Maja w W\u0119gli\u0144cu - GCKSiR W\u0119gliniec","og_description":"W imieniu Burmistrza Gminy i Miasta W\u0119gliniec Mariusza Wieczorka serdecznie zapraszamy mieszka\u0144c\u00f3w do wsp\u00f3lnego uczczenia&#46;&#46;&#46;","og_url":"https:\/\/gcksirwegliniec.pl\/?p=5687","og_site_name":"GCKSiR W\u0119gliniec","article_published_time":"2026-04-23T18:20:16+00:00","article_modified_time":"2026-04-28T18:20:51+00:00","og_image":[{"width":1413,"height":740,"url":"https:\/\/gcksirwegliniec.pl\/wp-content\/uploads\/2026\/04\/36-e1777400366908.png","type":"image\/png"}],"author":"admin","twitter_card":"summary_large_image","twitter_misc":{"Napisane przez":"admin","Szacowany czas czytania":"2 minuty"},"schema":{"@context":"https:\/\/schema.org","@graph":[{"@type":"Article","@id":"https:\/\/gcksirwegliniec.pl\/?p=5687#article","isPartOf":{"@id":"https:\/\/gcksirwegliniec.pl\/?p=5687"},"author":{"name":"admin","@id":"https:\/\/gcksirwegliniec.pl\/#\/schema\/person\/fabde4b0af16fcbecf71d410bc4fb681"},"headline":"\u015awi\u0119to Konstytucji 3 Maja w W\u0119gli\u0144cu","datePublished":"2026-04-23T18:20:16+00:00","dateModified":"2026-04-28T18:20:51+00:00","mainEntityOfPage":{"@id":"https:\/\/gcksirwegliniec.pl\/?p=5687"},"wordCount":88,"commentCount":0,"publisher":{"@id":"https:\/\/gcksirwegliniec.pl\/#organization"},"image":{"@id":"https:\/\/gcksirwegliniec.pl\/?p=5687#primaryimage"},"thumbnailUrl":"https:\/\/gcksirwegliniec.pl\/wp-content\/uploads\/2026\/04\/36-e1777400366908.png","articleSection":["Zapowied\u017a"],"inLanguage":"pl-PL","potentialAction":[{"@type":"CommentAction","name":"Comment","target":["https:\/\/gcksirwegliniec.pl\/?p=5687#respond"]}]},{"@type":"WebPage","@id":"https:\/\/gcksirwegliniec.pl\/?p=5687","url":"https:\/\/gcksirwegliniec.pl\/?p=5687","name":"\u015awi\u0119to Konstytucji 3 Maja w W\u0119gli\u0144cu - GCKSiR W\u0119gliniec","isPartOf":{"@id":"https:\/\/gcksirwegliniec.pl\/#website"},"primaryImageOfPage":{"@id":"https:\/\/gcksirwegliniec.pl\/?p=5687#primaryimage"},"image":{"@id":"https:\/\/gcksirwegliniec.pl\/?p=5687#primaryimage"},"thumbnailUrl":"https:\/\/gcksirwegliniec.pl\/wp-content\/uploads\/2026\/04\/36-e1777400366908.png","datePublished":"2026-04-23T18:20:16+00:00","dateModified":"2026-04-28T18:20:51+00:00","breadcrumb":{"@id":"https:\/\/gcksirwegliniec.pl\/?p=5687#breadcrumb"},"inLanguage":"pl-PL","potentialAction":[{"@type":"ReadAction","target":["https:\/\/gcksirwegliniec.pl\/?p=5687"]}]},{"@type":"ImageObject","inLanguage":"pl-PL","@id":"https:\/\/gcksirwegliniec.pl\/?p=5687#primaryimage","url":"https:\/\/gcksirwegliniec.pl\/wp-content\/uploads\/2026\/04\/36-e1777400366908.png","contentUrl":"https:\/\/gcksirwegliniec.pl\/wp-content\/uploads\/2026\/04\/36-e1777400366908.png","width":1413,"height":740},{"@type":"BreadcrumbList","@id":"https:\/\/gcksirwegliniec.pl\/?p=5687#breadcrumb","itemListElement":[{"@type":"ListItem","position":1,"name":"Home","item":"https:\/\/gcksirwegliniec.pl\/"},{"@type":"ListItem","position":2,"name":"\u015awi\u0119to Konstytucji 3 Maja w W\u0119gli\u0144cu"}]},{"@type":"WebSite","@id":"https:\/\/gcksirwegliniec.pl\/#website","url":"https:\/\/gcksirwegliniec.pl\/","name":"GCKSiR W\u0119gliniec","description":"","publisher":{"@id":"https:\/\/gcksirwegliniec.pl\/#organization"},"potentialAction":[{"@type":"SearchAction","target":{"@type":"EntryPoint","urlTemplate":"https:\/\/gcksirwegliniec.pl\/?s={search_term_string}"},"query-input":{"@type":"PropertyValueSpecification","valueRequired":true,"valueName":"search_term_string"}}],"inLanguage":"pl-PL"},{"@type":"Organization","@id":"https:\/\/gcksirwegliniec.pl\/#organization","name":"GCKSiR W\u0119gliniec","url":"https:\/\/gcksirwegliniec.pl\/","logo":{"@type":"ImageObject","inLanguage":"pl-PL","@id":"https:\/\/gcksirwegliniec.pl\/#\/schema\/logo\/image\/","url":"https:\/\/gcksirwegliniec.pl\/wp-content\/uploads\/2025\/08\/cropped-A790B771-B708-480A-B996-7A8B9BB2ABCE.jpeg","contentUrl":"https:\/\/gcksirwegliniec.pl\/wp-content\/uploads\/2025\/08\/cropped-A790B771-B708-480A-B996-7A8B9BB2ABCE.jpeg","width":689,"height":435,"caption":"GCKSiR W\u0119gliniec"},"image":{"@id":"https:\/\/gcksirwegliniec.pl\/#\/schema\/logo\/image\/"}},{"@type":"Person","@id":"https:\/\/gcksirwegliniec.pl\/#\/schema\/person\/fabde4b0af16fcbecf71d410bc4fb681","name":"admin","image":{"@type":"ImageObject","inLanguage":"pl-PL","@id":"https:\/\/gcksirwegliniec.pl\/#\/schema\/person\/image\/","url":"https:\/\/secure.gravatar.com\/avatar\/548e407bfa377e5c0a3956ad929b032fb581c740b209e04c2371b3d6d80514d5?s=96&d=mm&r=g","contentUrl":"https:\/\/secure.gravatar.com\/avatar\/548e407bfa377e5c0a3956ad929b032fb581c740b209e04c2371b3d6d80514d5?s=96&d=mm&r=g","caption":"admin"},"sameAs":["http:\/\/strona.gcksirwegliniec.pl"],"url":"https:\/\/gcksirwegliniec.pl\/?author=1"}]}},"jetpack_featured_media_url":"https:\/\/gcksirwegliniec.pl\/wp-content\/uploads\/2026\/04\/36-e1777400366908.png","uagb_featured_image_src":{"full":["https:\/\/gcksirwegliniec.pl\/wp-content\/uploads\/2026\/04\/36-e1777400366908.png",1413,740,false],"thumbnail":["https:\/\/gcksirwegliniec.pl\/wp-content\/uploads\/2026\/04\/36-e1777400366908-150x150.png",150,150,true],"medium":["https:\/\/gcksirwegliniec.pl\/wp-content\/uploads\/2026\/04\/36-e1777400366908-300x157.png",300,157,true],"medium_large":["https:\/\/gcksirwegliniec.pl\/wp-content\/uploads\/2026\/04\/36-e1777400366908-768x402.png",768,402,true],"large":["https:\/\/gcksirwegliniec.pl\/wp-content\/uploads\/2026\/04\/36-e1777400366908-1024x536.png",1024,536,true],"1536x1536":["https:\/\/gcksirwegliniec.pl\/wp-content\/uploads\/2026\/04\/36-1086x1536.png",1086,1536,true],"2048x2048":["https:\/\/gcksirwegliniec.pl\/wp-content\/uploads\/2026\/04\/36-e1777400366908.png",1413,740,false],"thumb-small":["https:\/\/gcksirwegliniec.pl\/wp-content\/uploads\/2026\/04\/36-e1777400366908-80x80.png",80,80,true],"thumb-standard":["https:\/\/gcksirwegliniec.pl\/wp-content\/uploads\/2026\/04\/36-e1777400366908-320x320.png",320,320,true],"thumb-medium":["https:\/\/gcksirwegliniec.pl\/wp-content\/uploads\/2026\/04\/36-e1777400366908-520x245.png",520,245,true],"thumb-large":["https:\/\/gcksirwegliniec.pl\/wp-content\/uploads\/2026\/04\/36-e1777400366908-720x340.png",720,340,true],"thumb-xlarge":["https:\/\/gcksirwegliniec.pl\/wp-content\/uploads\/2026\/04\/36-e1777400366908-980x450.png",980,450,true],"thumb-xxlarge":["https:\/\/gcksirwegliniec.pl\/wp-content\/uploads\/2026\/04\/36-e1777400366908-1320x500.png",1320,500,true],"thumb-large-no-crop":["https:\/\/gcksirwegliniec.pl\/wp-content\/uploads\/2026\/04\/36-e1777400366908-720x377.png",720,377,true],"thumb-medium-no-crop":["https:\/\/gcksirwegliniec.pl\/wp-content\/uploads\/2026\/04\/36-e1777400366908-520x272.png",520,272,true],"thumb-standard-no-crop":["https:\/\/gcksirwegliniec.pl\/wp-content\/uploads\/2026\/04\/36-e1777400366908-320x168.png",320,168,true],"mailpoet_newsletter_max":["https:\/\/gcksirwegliniec.pl\/wp-content\/uploads\/2026\/04\/36-e1777400366908-1320x691.png",1320,691,true],"woocommerce_thumbnail":["https:\/\/gcksirwegliniec.pl\/wp-content\/uploads\/2026\/04\/36-e1777400366908-300x300.png",300,300,true],"woocommerce_single":["https:\/\/gcksirwegliniec.pl\/wp-content\/uploads\/2026\/04\/36-e1777400366908-600x314.png",600,314,true],"woocommerce_gallery_thumbnail":["https:\/\/gcksirwegliniec.pl\/wp-content\/uploads\/2026\/04\/36-e1777400366908-100x100.png",100,100,true]},"uagb_author_info":{"display_name":"admin","author_link":"https:\/\/gcksirwegliniec.pl\/?author=1"},"uagb_comment_info":0,"uagb_excerpt":"W imieniu Burmistrza Gminy i Miasta W\u0119gliniec Mariusza Wieczorka serdecznie zapraszamy mieszka\u0144c\u00f3w do wsp\u00f3lnego uczczenia&#46;&#46;&#46;","jetpack_sharing_enabled":true,"_links":{"self":[{"href":"https:\/\/gcksirwegliniec.pl\/index.php?rest_route=\/wp\/v2\/posts\/5687","targetHints":{"allow":["GET"]}}],"collection":[{"href":"https:\/\/gcksirwegliniec.pl\/index.php?rest_route=\/wp\/v2\/posts"}],"about":[{"href":"https:\/\/gcksirwegliniec.pl\/index.php?rest_route=\/wp\/v2\/types\/post"}],"author":[{"embeddable":true,"href":"https:\/\/gcksirwegliniec.pl\/index.php?rest_route=\/wp\/v2\/users\/1"}],"replies":[{"embeddable":true,"href":"https:\/\/gcksirwegliniec.pl\/index.php?rest_route=%2Fwp%2Fv2%2Fcomments&post=5687"}],"version-history":[{"count":1,"href":"https:\/\/gcksirwegliniec.pl\/index.php?rest_route=\/wp\/v2\/posts\/5687\/revisions"}],"predecessor-version":[{"id":5688,"href":"https:\/\/gcksirwegliniec.pl\/index.php?rest_route=\/wp\/v2\/posts\/5687\/revisions\/5688"}],"wp:featuredmedia":[{"embeddable":true,"href":"https:\/\/gcksirwegliniec.pl\/index.php?rest_route=\/wp\/v2\/media\/5669"}],"wp:attachment":[{"href":"https:\/\/gcksirwegliniec.pl\/index.php?rest_route=%2Fwp%2Fv2%2Fmedia&parent=5687"}],"wp:term":[{"taxonomy":"category","embeddable":true,"href":"https:\/\/gcksirwegliniec.pl\/index.php?rest_route=%2Fwp%2Fv2%2Fcategories&post=5687"},{"taxonomy":"post_tag","embeddable":true,"href":"https:\/\/gcksirwegliniec.pl\/index.php?rest_route=%2Fwp%2Fv2%2Ftags&post=5687"}],"curies":[{"name":"wp","href":"https:\/\/api.w.org\/{rel}","templated":true}]}}