{"id":4288,"date":"2026-01-20T18:00:55","date_gmt":"2026-01-20T17:00:55","guid":{"rendered":"https:\/\/gcksirwegliniec.pl\/?p=4288"},"modified":"2026-01-20T17:03:49","modified_gmt":"2026-01-20T16:03:49","slug":"zimowa-przygoda-w-domu-kultury-jagodzin","status":"publish","type":"post","link":"https:\/\/gcksirwegliniec.pl\/?p=4288","title":{"rendered":"Zimowa przygoda w Domu Kultury Jagodzin!"},"content":{"rendered":"\n<div style=\"height:15px\" aria-hidden=\"true\" class=\"wp-block-spacer\"><\/div>\n\n\n\n<p class=\"wp-block-paragraph\">Zapraszamy dzieciaki na super ferie zimowe! \u2744\ufe0f Zaj\u0119cia stacjonarne odbywa\u0107 si\u0119 b\u0119d\u0105 w godzinach od 11:00 do 14:00, podczas wycieczek godziny b\u0119d\u0105 ruchome.<\/p>\n\n\n\n<p class=\"wp-block-paragraph\"><strong>Oto szczeg\u00f3\u0142owy program:<\/strong><\/p>\n\n\n\n<p class=\"wp-block-paragraph\">02.02.2026 &#8211; Gra terenowa zako\u0144czona ogniskiem<\/p>\n\n\n\n<p class=\"wp-block-paragraph\">03.02.2026 &#8211; Wyjazd na \u0142y\u017cwy do I\u0142owej &#8211; koszt wycieczki 26 z\u0142 z w\u0142asnymi \u0142y\u017cwami, 36 z\u0142 z wypo\u017cyczonymi<\/p>\n\n\n\n<p class=\"wp-block-paragraph\">04.02.2026 &#8211; Wyjazd na basen do Osiecznicy &#8211; koszt wycieczki 40 z\u0142<\/p>\n\n\n\n<p class=\"wp-block-paragraph\">05.02.2026 &#8211; Warsztaty kulinarne &#8211; pierogi ruskie<\/p>\n\n\n\n<p class=\"wp-block-paragraph\">06.02.2026 &#8211; Wyjazd do Kina za Rogiem Kolejarz &#8211; 24 z\u0142<\/p>\n\n\n\n<p class=\"wp-block-paragraph\">\ud83d\udcdd Zapisy:<\/p>\n\n\n\n<p class=\"wp-block-paragraph\">\ud83d\udc69 Zg\u0142oszenia do dnia 28.01.2026 r. przyjmuje instruktor Justyna Pleszak.<\/p>\n\n\n\n<p class=\"wp-block-paragraph\">\u2709\ufe0f email: dkjagodzin@gcksirwegliniec.pl<\/p>\n\n\n\n<p class=\"wp-block-paragraph\">Nie czekajcie, zapisujcie dzieci. Niezapomniane ferie ju\u017c niebawem  \ud83d\udc99<\/p>\n\n\n\n<p class=\"has-text-color has-link-color wp-elements-4653953ec41f60c8aa93125739cacfb1 wp-block-paragraph\" style=\"color:#016939\">Plan ferii mo\u017ce ulec zmianie.<\/p>\n\n\n\n<div style=\"height:13px\" aria-hidden=\"true\" class=\"wp-block-spacer\"><\/div>\n\n\n\n<figure class=\"wp-block-image size-large\"><img loading=\"lazy\" decoding=\"async\" width=\"851\" height=\"1024\" src=\"https:\/\/gcksirwegliniec.pl\/wp-content\/uploads\/2026\/01\/F734B9AF-257A-487B-8105-9C839105A92C-851x1024.png\" alt=\"\" class=\"wp-image-4289\" srcset=\"https:\/\/gcksirwegliniec.pl\/wp-content\/uploads\/2026\/01\/F734B9AF-257A-487B-8105-9C839105A92C-851x1024.png 851w, https:\/\/gcksirwegliniec.pl\/wp-content\/uploads\/2026\/01\/F734B9AF-257A-487B-8105-9C839105A92C-600x722.png 600w, https:\/\/gcksirwegliniec.pl\/wp-content\/uploads\/2026\/01\/F734B9AF-257A-487B-8105-9C839105A92C-249x300.png 249w, https:\/\/gcksirwegliniec.pl\/wp-content\/uploads\/2026\/01\/F734B9AF-257A-487B-8105-9C839105A92C-768x924.png 768w, https:\/\/gcksirwegliniec.pl\/wp-content\/uploads\/2026\/01\/F734B9AF-257A-487B-8105-9C839105A92C-720x867.png 720w, https:\/\/gcksirwegliniec.pl\/wp-content\/uploads\/2026\/01\/F734B9AF-257A-487B-8105-9C839105A92C-520x626.png 520w, https:\/\/gcksirwegliniec.pl\/wp-content\/uploads\/2026\/01\/F734B9AF-257A-487B-8105-9C839105A92C-320x385.png 320w, https:\/\/gcksirwegliniec.pl\/wp-content\/uploads\/2026\/01\/F734B9AF-257A-487B-8105-9C839105A92C.png 1080w\" sizes=\"auto, (max-width: 851px) 100vw, 851px\" \/><\/figure>\n","protected":false},"excerpt":{"rendered":"<p>Zapraszamy dzieciaki na super ferie zimowe! \u2744\ufe0f Zaj\u0119cia stacjonarne odbywa\u0107 si\u0119 b\u0119d\u0105 w godzinach od&#46;&#46;&#46;<\/p>\n","protected":false},"author":1,"featured_media":4290,"comment_status":"open","ping_status":"open","sticky":false,"template":"","format":"standard","meta":{"_eb_attr":"","_crdt_document":"","_uag_custom_page_level_css":"","_jetpack_memberships_contains_paid_content":false,"footnotes":""},"categories":[5],"tags":[],"class_list":["post-4288","post","type-post","status-publish","format-standard","has-post-thumbnail","hentry","category-zapowiedz"],"yoast_head":"<!-- This site is optimized with the Yoast SEO plugin v26.9 - https:\/\/yoast.com\/product\/yoast-seo-wordpress\/ -->\n<title>Zimowa przygoda w Domu Kultury Jagodzin! - GCKSiR W\u0119gliniec<\/title>\n<meta name=\"robots\" content=\"index, follow, max-snippet:-1, max-image-preview:large, max-video-preview:-1\" \/>\n<link rel=\"canonical\" href=\"https:\/\/gcksirwegliniec.pl\/?p=4288\" \/>\n<meta property=\"og:locale\" content=\"pl_PL\" \/>\n<meta property=\"og:type\" content=\"article\" \/>\n<meta property=\"og:title\" content=\"Zimowa przygoda w Domu Kultury Jagodzin! - GCKSiR W\u0119gliniec\" \/>\n<meta property=\"og:description\" content=\"Zapraszamy dzieciaki na super ferie zimowe! \u2744\ufe0f Zaj\u0119cia stacjonarne odbywa\u0107 si\u0119 b\u0119d\u0105 w godzinach od&#046;&#046;&#046;\" \/>\n<meta property=\"og:url\" content=\"https:\/\/gcksirwegliniec.pl\/?p=4288\" \/>\n<meta property=\"og:site_name\" content=\"GCKSiR W\u0119gliniec\" \/>\n<meta property=\"article:published_time\" content=\"2026-01-20T17:00:55+00:00\" \/>\n<meta property=\"og:image\" content=\"https:\/\/gcksirwegliniec.pl\/wp-content\/uploads\/2026\/01\/76CE8DBA-1F81-4EC7-84BC-9D067BD68329_4_5005_c.jpeg\" \/>\n\t<meta property=\"og:image:width\" content=\"850\" \/>\n\t<meta property=\"og:image:height\" content=\"314\" \/>\n\t<meta property=\"og:image:type\" content=\"image\/jpeg\" \/>\n<meta name=\"author\" content=\"admin\" \/>\n<meta name=\"twitter:card\" content=\"summary_large_image\" \/>\n<meta name=\"twitter:label1\" content=\"Napisane przez\" \/>\n\t<meta name=\"twitter:data1\" content=\"admin\" \/>\n\t<meta name=\"twitter:label2\" content=\"Szacowany czas czytania\" \/>\n\t<meta name=\"twitter:data2\" content=\"2 minuty\" \/>\n<script type=\"application\/ld+json\" class=\"yoast-schema-graph\">{\"@context\":\"https:\/\/schema.org\",\"@graph\":[{\"@type\":\"Article\",\"@id\":\"https:\/\/gcksirwegliniec.pl\/?p=4288#article\",\"isPartOf\":{\"@id\":\"https:\/\/gcksirwegliniec.pl\/?p=4288\"},\"author\":{\"name\":\"admin\",\"@id\":\"https:\/\/gcksirwegliniec.pl\/#\/schema\/person\/fabde4b0af16fcbecf71d410bc4fb681\"},\"headline\":\"Zimowa przygoda w Domu Kultury Jagodzin!\",\"datePublished\":\"2026-01-20T17:00:55+00:00\",\"mainEntityOfPage\":{\"@id\":\"https:\/\/gcksirwegliniec.pl\/?p=4288\"},\"wordCount\":113,\"commentCount\":0,\"publisher\":{\"@id\":\"https:\/\/gcksirwegliniec.pl\/#organization\"},\"image\":{\"@id\":\"https:\/\/gcksirwegliniec.pl\/?p=4288#primaryimage\"},\"thumbnailUrl\":\"https:\/\/gcksirwegliniec.pl\/wp-content\/uploads\/2026\/01\/76CE8DBA-1F81-4EC7-84BC-9D067BD68329_4_5005_c.jpeg\",\"articleSection\":[\"Zapowied\u017a\"],\"inLanguage\":\"pl-PL\",\"potentialAction\":[{\"@type\":\"CommentAction\",\"name\":\"Comment\",\"target\":[\"https:\/\/gcksirwegliniec.pl\/?p=4288#respond\"]}]},{\"@type\":\"WebPage\",\"@id\":\"https:\/\/gcksirwegliniec.pl\/?p=4288\",\"url\":\"https:\/\/gcksirwegliniec.pl\/?p=4288\",\"name\":\"Zimowa przygoda w Domu Kultury Jagodzin! - GCKSiR W\u0119gliniec\",\"isPartOf\":{\"@id\":\"https:\/\/gcksirwegliniec.pl\/#website\"},\"primaryImageOfPage\":{\"@id\":\"https:\/\/gcksirwegliniec.pl\/?p=4288#primaryimage\"},\"image\":{\"@id\":\"https:\/\/gcksirwegliniec.pl\/?p=4288#primaryimage\"},\"thumbnailUrl\":\"https:\/\/gcksirwegliniec.pl\/wp-content\/uploads\/2026\/01\/76CE8DBA-1F81-4EC7-84BC-9D067BD68329_4_5005_c.jpeg\",\"datePublished\":\"2026-01-20T17:00:55+00:00\",\"breadcrumb\":{\"@id\":\"https:\/\/gcksirwegliniec.pl\/?p=4288#breadcrumb\"},\"inLanguage\":\"pl-PL\",\"potentialAction\":[{\"@type\":\"ReadAction\",\"target\":[\"https:\/\/gcksirwegliniec.pl\/?p=4288\"]}]},{\"@type\":\"ImageObject\",\"inLanguage\":\"pl-PL\",\"@id\":\"https:\/\/gcksirwegliniec.pl\/?p=4288#primaryimage\",\"url\":\"https:\/\/gcksirwegliniec.pl\/wp-content\/uploads\/2026\/01\/76CE8DBA-1F81-4EC7-84BC-9D067BD68329_4_5005_c.jpeg\",\"contentUrl\":\"https:\/\/gcksirwegliniec.pl\/wp-content\/uploads\/2026\/01\/76CE8DBA-1F81-4EC7-84BC-9D067BD68329_4_5005_c.jpeg\",\"width\":850,\"height\":314},{\"@type\":\"BreadcrumbList\",\"@id\":\"https:\/\/gcksirwegliniec.pl\/?p=4288#breadcrumb\",\"itemListElement\":[{\"@type\":\"ListItem\",\"position\":1,\"name\":\"Home\",\"item\":\"https:\/\/gcksirwegliniec.pl\/\"},{\"@type\":\"ListItem\",\"position\":2,\"name\":\"Zimowa przygoda w Domu Kultury Jagodzin!\"}]},{\"@type\":\"WebSite\",\"@id\":\"https:\/\/gcksirwegliniec.pl\/#website\",\"url\":\"https:\/\/gcksirwegliniec.pl\/\",\"name\":\"GCKSiR W\u0119gliniec\",\"description\":\"\",\"publisher\":{\"@id\":\"https:\/\/gcksirwegliniec.pl\/#organization\"},\"potentialAction\":[{\"@type\":\"SearchAction\",\"target\":{\"@type\":\"EntryPoint\",\"urlTemplate\":\"https:\/\/gcksirwegliniec.pl\/?s={search_term_string}\"},\"query-input\":{\"@type\":\"PropertyValueSpecification\",\"valueRequired\":true,\"valueName\":\"search_term_string\"}}],\"inLanguage\":\"pl-PL\"},{\"@type\":\"Organization\",\"@id\":\"https:\/\/gcksirwegliniec.pl\/#organization\",\"name\":\"GCKSiR W\u0119gliniec\",\"url\":\"https:\/\/gcksirwegliniec.pl\/\",\"logo\":{\"@type\":\"ImageObject\",\"inLanguage\":\"pl-PL\",\"@id\":\"https:\/\/gcksirwegliniec.pl\/#\/schema\/logo\/image\/\",\"url\":\"https:\/\/gcksirwegliniec.pl\/wp-content\/uploads\/2025\/08\/cropped-A790B771-B708-480A-B996-7A8B9BB2ABCE.jpeg\",\"contentUrl\":\"https:\/\/gcksirwegliniec.pl\/wp-content\/uploads\/2025\/08\/cropped-A790B771-B708-480A-B996-7A8B9BB2ABCE.jpeg\",\"width\":689,\"height\":435,\"caption\":\"GCKSiR W\u0119gliniec\"},\"image\":{\"@id\":\"https:\/\/gcksirwegliniec.pl\/#\/schema\/logo\/image\/\"}},{\"@type\":\"Person\",\"@id\":\"https:\/\/gcksirwegliniec.pl\/#\/schema\/person\/fabde4b0af16fcbecf71d410bc4fb681\",\"name\":\"admin\",\"image\":{\"@type\":\"ImageObject\",\"inLanguage\":\"pl-PL\",\"@id\":\"https:\/\/gcksirwegliniec.pl\/#\/schema\/person\/image\/\",\"url\":\"https:\/\/secure.gravatar.com\/avatar\/548e407bfa377e5c0a3956ad929b032fb581c740b209e04c2371b3d6d80514d5?s=96&d=mm&r=g\",\"contentUrl\":\"https:\/\/secure.gravatar.com\/avatar\/548e407bfa377e5c0a3956ad929b032fb581c740b209e04c2371b3d6d80514d5?s=96&d=mm&r=g\",\"caption\":\"admin\"},\"sameAs\":[\"http:\/\/strona.gcksirwegliniec.pl\"],\"url\":\"https:\/\/gcksirwegliniec.pl\/?author=1\"}]}<\/script>\n<!-- \/ Yoast SEO plugin. -->","yoast_head_json":{"title":"Zimowa przygoda w Domu Kultury Jagodzin! - GCKSiR W\u0119gliniec","robots":{"index":"index","follow":"follow","max-snippet":"max-snippet:-1","max-image-preview":"max-image-preview:large","max-video-preview":"max-video-preview:-1"},"canonical":"https:\/\/gcksirwegliniec.pl\/?p=4288","og_locale":"pl_PL","og_type":"article","og_title":"Zimowa przygoda w Domu Kultury Jagodzin! - GCKSiR W\u0119gliniec","og_description":"Zapraszamy dzieciaki na super ferie zimowe! \u2744\ufe0f Zaj\u0119cia stacjonarne odbywa\u0107 si\u0119 b\u0119d\u0105 w godzinach od&#46;&#46;&#46;","og_url":"https:\/\/gcksirwegliniec.pl\/?p=4288","og_site_name":"GCKSiR W\u0119gliniec","article_published_time":"2026-01-20T17:00:55+00:00","og_image":[{"width":850,"height":314,"url":"https:\/\/gcksirwegliniec.pl\/wp-content\/uploads\/2026\/01\/76CE8DBA-1F81-4EC7-84BC-9D067BD68329_4_5005_c.jpeg","type":"image\/jpeg"}],"author":"admin","twitter_card":"summary_large_image","twitter_misc":{"Napisane przez":"admin","Szacowany czas czytania":"2 minuty"},"schema":{"@context":"https:\/\/schema.org","@graph":[{"@type":"Article","@id":"https:\/\/gcksirwegliniec.pl\/?p=4288#article","isPartOf":{"@id":"https:\/\/gcksirwegliniec.pl\/?p=4288"},"author":{"name":"admin","@id":"https:\/\/gcksirwegliniec.pl\/#\/schema\/person\/fabde4b0af16fcbecf71d410bc4fb681"},"headline":"Zimowa przygoda w Domu Kultury Jagodzin!","datePublished":"2026-01-20T17:00:55+00:00","mainEntityOfPage":{"@id":"https:\/\/gcksirwegliniec.pl\/?p=4288"},"wordCount":113,"commentCount":0,"publisher":{"@id":"https:\/\/gcksirwegliniec.pl\/#organization"},"image":{"@id":"https:\/\/gcksirwegliniec.pl\/?p=4288#primaryimage"},"thumbnailUrl":"https:\/\/gcksirwegliniec.pl\/wp-content\/uploads\/2026\/01\/76CE8DBA-1F81-4EC7-84BC-9D067BD68329_4_5005_c.jpeg","articleSection":["Zapowied\u017a"],"inLanguage":"pl-PL","potentialAction":[{"@type":"CommentAction","name":"Comment","target":["https:\/\/gcksirwegliniec.pl\/?p=4288#respond"]}]},{"@type":"WebPage","@id":"https:\/\/gcksirwegliniec.pl\/?p=4288","url":"https:\/\/gcksirwegliniec.pl\/?p=4288","name":"Zimowa przygoda w Domu Kultury Jagodzin! - GCKSiR W\u0119gliniec","isPartOf":{"@id":"https:\/\/gcksirwegliniec.pl\/#website"},"primaryImageOfPage":{"@id":"https:\/\/gcksirwegliniec.pl\/?p=4288#primaryimage"},"image":{"@id":"https:\/\/gcksirwegliniec.pl\/?p=4288#primaryimage"},"thumbnailUrl":"https:\/\/gcksirwegliniec.pl\/wp-content\/uploads\/2026\/01\/76CE8DBA-1F81-4EC7-84BC-9D067BD68329_4_5005_c.jpeg","datePublished":"2026-01-20T17:00:55+00:00","breadcrumb":{"@id":"https:\/\/gcksirwegliniec.pl\/?p=4288#breadcrumb"},"inLanguage":"pl-PL","potentialAction":[{"@type":"ReadAction","target":["https:\/\/gcksirwegliniec.pl\/?p=4288"]}]},{"@type":"ImageObject","inLanguage":"pl-PL","@id":"https:\/\/gcksirwegliniec.pl\/?p=4288#primaryimage","url":"https:\/\/gcksirwegliniec.pl\/wp-content\/uploads\/2026\/01\/76CE8DBA-1F81-4EC7-84BC-9D067BD68329_4_5005_c.jpeg","contentUrl":"https:\/\/gcksirwegliniec.pl\/wp-content\/uploads\/2026\/01\/76CE8DBA-1F81-4EC7-84BC-9D067BD68329_4_5005_c.jpeg","width":850,"height":314},{"@type":"BreadcrumbList","@id":"https:\/\/gcksirwegliniec.pl\/?p=4288#breadcrumb","itemListElement":[{"@type":"ListItem","position":1,"name":"Home","item":"https:\/\/gcksirwegliniec.pl\/"},{"@type":"ListItem","position":2,"name":"Zimowa przygoda w Domu Kultury Jagodzin!"}]},{"@type":"WebSite","@id":"https:\/\/gcksirwegliniec.pl\/#website","url":"https:\/\/gcksirwegliniec.pl\/","name":"GCKSiR W\u0119gliniec","description":"","publisher":{"@id":"https:\/\/gcksirwegliniec.pl\/#organization"},"potentialAction":[{"@type":"SearchAction","target":{"@type":"EntryPoint","urlTemplate":"https:\/\/gcksirwegliniec.pl\/?s={search_term_string}"},"query-input":{"@type":"PropertyValueSpecification","valueRequired":true,"valueName":"search_term_string"}}],"inLanguage":"pl-PL"},{"@type":"Organization","@id":"https:\/\/gcksirwegliniec.pl\/#organization","name":"GCKSiR W\u0119gliniec","url":"https:\/\/gcksirwegliniec.pl\/","logo":{"@type":"ImageObject","inLanguage":"pl-PL","@id":"https:\/\/gcksirwegliniec.pl\/#\/schema\/logo\/image\/","url":"https:\/\/gcksirwegliniec.pl\/wp-content\/uploads\/2025\/08\/cropped-A790B771-B708-480A-B996-7A8B9BB2ABCE.jpeg","contentUrl":"https:\/\/gcksirwegliniec.pl\/wp-content\/uploads\/2025\/08\/cropped-A790B771-B708-480A-B996-7A8B9BB2ABCE.jpeg","width":689,"height":435,"caption":"GCKSiR W\u0119gliniec"},"image":{"@id":"https:\/\/gcksirwegliniec.pl\/#\/schema\/logo\/image\/"}},{"@type":"Person","@id":"https:\/\/gcksirwegliniec.pl\/#\/schema\/person\/fabde4b0af16fcbecf71d410bc4fb681","name":"admin","image":{"@type":"ImageObject","inLanguage":"pl-PL","@id":"https:\/\/gcksirwegliniec.pl\/#\/schema\/person\/image\/","url":"https:\/\/secure.gravatar.com\/avatar\/548e407bfa377e5c0a3956ad929b032fb581c740b209e04c2371b3d6d80514d5?s=96&d=mm&r=g","contentUrl":"https:\/\/secure.gravatar.com\/avatar\/548e407bfa377e5c0a3956ad929b032fb581c740b209e04c2371b3d6d80514d5?s=96&d=mm&r=g","caption":"admin"},"sameAs":["http:\/\/strona.gcksirwegliniec.pl"],"url":"https:\/\/gcksirwegliniec.pl\/?author=1"}]}},"jetpack_featured_media_url":"https:\/\/gcksirwegliniec.pl\/wp-content\/uploads\/2026\/01\/76CE8DBA-1F81-4EC7-84BC-9D067BD68329_4_5005_c.jpeg","uagb_featured_image_src":{"full":["https:\/\/gcksirwegliniec.pl\/wp-content\/uploads\/2026\/01\/76CE8DBA-1F81-4EC7-84BC-9D067BD68329_4_5005_c.jpeg",850,314,false],"thumbnail":["https:\/\/gcksirwegliniec.pl\/wp-content\/uploads\/2026\/01\/76CE8DBA-1F81-4EC7-84BC-9D067BD68329_4_5005_c-150x150.jpeg",150,150,true],"medium":["https:\/\/gcksirwegliniec.pl\/wp-content\/uploads\/2026\/01\/76CE8DBA-1F81-4EC7-84BC-9D067BD68329_4_5005_c-300x111.jpeg",300,111,true],"medium_large":["https:\/\/gcksirwegliniec.pl\/wp-content\/uploads\/2026\/01\/76CE8DBA-1F81-4EC7-84BC-9D067BD68329_4_5005_c-768x284.jpeg",768,284,true],"large":["https:\/\/gcksirwegliniec.pl\/wp-content\/uploads\/2026\/01\/76CE8DBA-1F81-4EC7-84BC-9D067BD68329_4_5005_c.jpeg",850,314,false],"1536x1536":["https:\/\/gcksirwegliniec.pl\/wp-content\/uploads\/2026\/01\/76CE8DBA-1F81-4EC7-84BC-9D067BD68329_4_5005_c.jpeg",850,314,false],"2048x2048":["https:\/\/gcksirwegliniec.pl\/wp-content\/uploads\/2026\/01\/76CE8DBA-1F81-4EC7-84BC-9D067BD68329_4_5005_c.jpeg",850,314,false],"thumb-small":["https:\/\/gcksirwegliniec.pl\/wp-content\/uploads\/2026\/01\/76CE8DBA-1F81-4EC7-84BC-9D067BD68329_4_5005_c-80x80.jpeg",80,80,true],"thumb-standard":["https:\/\/gcksirwegliniec.pl\/wp-content\/uploads\/2026\/01\/76CE8DBA-1F81-4EC7-84BC-9D067BD68329_4_5005_c-320x314.jpeg",320,314,true],"thumb-medium":["https:\/\/gcksirwegliniec.pl\/wp-content\/uploads\/2026\/01\/76CE8DBA-1F81-4EC7-84BC-9D067BD68329_4_5005_c-520x245.jpeg",520,245,true],"thumb-large":["https:\/\/gcksirwegliniec.pl\/wp-content\/uploads\/2026\/01\/76CE8DBA-1F81-4EC7-84BC-9D067BD68329_4_5005_c-720x314.jpeg",720,314,true],"thumb-xlarge":["https:\/\/gcksirwegliniec.pl\/wp-content\/uploads\/2026\/01\/76CE8DBA-1F81-4EC7-84BC-9D067BD68329_4_5005_c.jpeg",850,314,false],"thumb-xxlarge":["https:\/\/gcksirwegliniec.pl\/wp-content\/uploads\/2026\/01\/76CE8DBA-1F81-4EC7-84BC-9D067BD68329_4_5005_c.jpeg",850,314,false],"thumb-large-no-crop":["https:\/\/gcksirwegliniec.pl\/wp-content\/uploads\/2026\/01\/76CE8DBA-1F81-4EC7-84BC-9D067BD68329_4_5005_c-720x266.jpeg",720,266,true],"thumb-medium-no-crop":["https:\/\/gcksirwegliniec.pl\/wp-content\/uploads\/2026\/01\/76CE8DBA-1F81-4EC7-84BC-9D067BD68329_4_5005_c-520x192.jpeg",520,192,true],"thumb-standard-no-crop":["https:\/\/gcksirwegliniec.pl\/wp-content\/uploads\/2026\/01\/76CE8DBA-1F81-4EC7-84BC-9D067BD68329_4_5005_c-320x118.jpeg",320,118,true],"mailpoet_newsletter_max":["https:\/\/gcksirwegliniec.pl\/wp-content\/uploads\/2026\/01\/76CE8DBA-1F81-4EC7-84BC-9D067BD68329_4_5005_c.jpeg",850,314,false],"woocommerce_thumbnail":["https:\/\/gcksirwegliniec.pl\/wp-content\/uploads\/2026\/01\/76CE8DBA-1F81-4EC7-84BC-9D067BD68329_4_5005_c-300x300.jpeg",300,300,true],"woocommerce_single":["https:\/\/gcksirwegliniec.pl\/wp-content\/uploads\/2026\/01\/76CE8DBA-1F81-4EC7-84BC-9D067BD68329_4_5005_c-600x222.jpeg",600,222,true],"woocommerce_gallery_thumbnail":["https:\/\/gcksirwegliniec.pl\/wp-content\/uploads\/2026\/01\/76CE8DBA-1F81-4EC7-84BC-9D067BD68329_4_5005_c-100x100.jpeg",100,100,true]},"uagb_author_info":{"display_name":"admin","author_link":"https:\/\/gcksirwegliniec.pl\/?author=1"},"uagb_comment_info":0,"uagb_excerpt":"Zapraszamy dzieciaki na super ferie zimowe! \u2744\ufe0f Zaj\u0119cia stacjonarne odbywa\u0107 si\u0119 b\u0119d\u0105 w godzinach od&#46;&#46;&#46;","jetpack_sharing_enabled":true,"_links":{"self":[{"href":"https:\/\/gcksirwegliniec.pl\/index.php?rest_route=\/wp\/v2\/posts\/4288","targetHints":{"allow":["GET"]}}],"collection":[{"href":"https:\/\/gcksirwegliniec.pl\/index.php?rest_route=\/wp\/v2\/posts"}],"about":[{"href":"https:\/\/gcksirwegliniec.pl\/index.php?rest_route=\/wp\/v2\/types\/post"}],"author":[{"embeddable":true,"href":"https:\/\/gcksirwegliniec.pl\/index.php?rest_route=\/wp\/v2\/users\/1"}],"replies":[{"embeddable":true,"href":"https:\/\/gcksirwegliniec.pl\/index.php?rest_route=%2Fwp%2Fv2%2Fcomments&post=4288"}],"version-history":[{"count":3,"href":"https:\/\/gcksirwegliniec.pl\/index.php?rest_route=\/wp\/v2\/posts\/4288\/revisions"}],"predecessor-version":[{"id":4414,"href":"https:\/\/gcksirwegliniec.pl\/index.php?rest_route=\/wp\/v2\/posts\/4288\/revisions\/4414"}],"wp:featuredmedia":[{"embeddable":true,"href":"https:\/\/gcksirwegliniec.pl\/index.php?rest_route=\/wp\/v2\/media\/4290"}],"wp:attachment":[{"href":"https:\/\/gcksirwegliniec.pl\/index.php?rest_route=%2Fwp%2Fv2%2Fmedia&parent=4288"}],"wp:term":[{"taxonomy":"category","embeddable":true,"href":"https:\/\/gcksirwegliniec.pl\/index.php?rest_route=%2Fwp%2Fv2%2Fcategories&post=4288"},{"taxonomy":"post_tag","embeddable":true,"href":"https:\/\/gcksirwegliniec.pl\/index.php?rest_route=%2Fwp%2Fv2%2Ftags&post=4288"}],"curies":[{"name":"wp","href":"https:\/\/api.w.org\/{rel}","templated":true}]}}