{"id":3829,"date":"2025-11-22T19:51:26","date_gmt":"2025-11-22T18:51:26","guid":{"rendered":"https:\/\/gcksirwegliniec.pl\/?p=3829"},"modified":"2025-11-22T19:55:59","modified_gmt":"2025-11-22T18:55:59","slug":"charytatywny-jarmark-bozonarodzeniowy-w-weglincu","status":"publish","type":"post","link":"https:\/\/gcksirwegliniec.pl\/?p=3829","title":{"rendered":"Charytatywny Jarmark Bo\u017conarodzeniowy w W\u0119gli\u0144cu"},"content":{"rendered":"\n<div style=\"height:17px\" aria-hidden=\"true\" class=\"wp-block-spacer\"><\/div>\n\n\n\n<p class=\"wp-block-paragraph\">Burmistrz Gminy i Miasta W\u0119gliniec Mariusz Wieczorek oraz Gminne Centrum Kultury, Sportu i Rekreacji w W\u0119gli\u0144cu zapraszaj\u0105 gor\u0105co na wyj\u0105tkowe, \u015bwi\u0105teczne wydarzenie pe\u0142ne dobra, muzyki i wsp\u00f3lnego dzia\u0142ania! <img loading=\"lazy\" decoding=\"async\" height=\"16\" width=\"16\" alt=\"\u2603\ufe0f\" src=\"https:\/\/static.xx.fbcdn.net\/images\/emoji.php\/v9\/t71\/2\/16\/2603.png\"><img loading=\"lazy\" decoding=\"async\" height=\"16\" width=\"16\" alt=\"\ud83c\udf84\" src=\"https:\/\/static.xx.fbcdn.net\/images\/emoji.php\/v9\/ta6\/2\/16\/1f384.png\"><\/p>\n\n\n\n<p class=\"wp-block-paragraph\">06.12.2025 r. godz. 13:00 \u2013 plac przy WCK w W\u0119gli\u0144cu<\/p>\n\n\n\n<p class=\"wp-block-paragraph\"><img loading=\"lazy\" decoding=\"async\" height=\"16\" width=\"16\" alt=\"\ud83c\udf81\" src=\"https:\/\/static.xx.fbcdn.net\/images\/emoji.php\/v9\/t23\/2\/16\/1f381.png\"><img loading=\"lazy\" decoding=\"async\" height=\"16\" width=\"16\" alt=\"\ud83c\udf84\" src=\"https:\/\/static.xx.fbcdn.net\/images\/emoji.php\/v9\/ta6\/2\/16\/1f384.png\">Nasz jarmark ma szczeg\u00f3lny charakter, bo ca\u0142y doch\u00f3d przeznaczamy na pomoc dla Jarka i Jacka \u2013 mieszka\u0144c\u00f3w naszej gminy, kt\u00f3rzy potrzebuj\u0105 naszego wsparcia. <img loading=\"lazy\" decoding=\"async\" height=\"16\" width=\"16\" alt=\"\u2764\ufe0f\" src=\"https:\/\/static.xx.fbcdn.net\/images\/emoji.php\/v9\/ted\/2\/16\/2764.png\"><img loading=\"lazy\" decoding=\"async\" height=\"16\" width=\"16\" alt=\"\u2603\ufe0f\" src=\"https:\/\/static.xx.fbcdn.net\/images\/emoji.php\/v9\/t71\/2\/16\/2603.png\"><\/p>\n\n\n\n<p class=\"wp-block-paragraph\">Program wydarzenia:<\/p>\n\n\n\n<p class=\"wp-block-paragraph\">13:00 &#8211; rozpocz\u0119cie Jarmarku<\/p>\n\n\n\n<p class=\"wp-block-paragraph\">13:15 &#8211; wyst\u0119p dzieci z SP W\u0119gliniec <img loading=\"lazy\" decoding=\"async\" height=\"16\" width=\"16\" alt=\"\ud83c\udfa4\" src=\"https:\/\/static.xx.fbcdn.net\/images\/emoji.php\/v9\/t1d\/2\/16\/1f3a4.png\"><img loading=\"lazy\" decoding=\"async\" height=\"16\" width=\"16\" alt=\"\ud83c\udfbc\" src=\"https:\/\/static.xx.fbcdn.net\/images\/emoji.php\/v9\/t6b\/2\/16\/1f3bc.png\"><\/p>\n\n\n\n<p class=\"wp-block-paragraph\">14:00 &#8211; wyst\u0119p zespo\u0142u PRYMA <img loading=\"lazy\" decoding=\"async\" height=\"16\" width=\"16\" alt=\"\ud83c\udfa4\" src=\"https:\/\/static.xx.fbcdn.net\/images\/emoji.php\/v9\/t1d\/2\/16\/1f3a4.png\"><\/p>\n\n\n\n<p class=\"wp-block-paragraph\">15:00 &#8211; Og\u0142oszenie wynik\u00f3w konkursu &#8222;Kartka \u015bwi\u0105teczna&#8221;<img loading=\"lazy\" decoding=\"async\" height=\"16\" width=\"16\" alt=\"\ud83c\udfa8\" src=\"https:\/\/static.xx.fbcdn.net\/images\/emoji.php\/v9\/t21\/2\/16\/1f3a8.png\"><\/p>\n\n\n\n<p class=\"wp-block-paragraph\">15:30 &#8211; wyst\u0119p Gabriela Olko <img loading=\"lazy\" decoding=\"async\" height=\"16\" width=\"16\" alt=\"\ud83c\udfa4\" src=\"https:\/\/static.xx.fbcdn.net\/images\/emoji.php\/v9\/t1d\/2\/16\/1f3a4.png\"><\/p>\n\n\n\n<p class=\"wp-block-paragraph\">16:00 &#8211; Fina\u0142 akcji &#8222;List do \u015bw. Miko\u0142aja&#8221; oraz wr\u0119czanie paczek dzieciom przez \u015awi\u0119tego Miko\u0142aja <img loading=\"lazy\" decoding=\"async\" height=\"16\" width=\"16\" alt=\"\ud83c\udf81\" src=\"https:\/\/static.xx.fbcdn.net\/images\/emoji.php\/v9\/t23\/2\/16\/1f381.png\"><img loading=\"lazy\" decoding=\"async\" height=\"16\" width=\"16\" alt=\"\ud83c\udf85\" src=\"https:\/\/static.xx.fbcdn.net\/images\/emoji.php\/v9\/t27\/2\/16\/1f385.png\"><\/p>\n\n\n\n<p class=\"wp-block-paragraph\">17:00 &#8211; wyst\u0119p Zespo\u0142u Podolanie <img loading=\"lazy\" decoding=\"async\" height=\"16\" width=\"16\" alt=\"\ud83c\udfa4\" src=\"https:\/\/static.xx.fbcdn.net\/images\/emoji.php\/v9\/t1d\/2\/16\/1f3a4.png\"><\/p>\n\n\n\n<p class=\"wp-block-paragraph\">18:00 &#8211; wyst\u0119p Zespo\u0142u Le\u015bne Echo <img loading=\"lazy\" decoding=\"async\" height=\"16\" width=\"16\" alt=\"\ud83c\udfa4\" src=\"https:\/\/static.xx.fbcdn.net\/images\/emoji.php\/v9\/t1d\/2\/16\/1f3a4.png\"><\/p>\n\n\n\n<p class=\"wp-block-paragraph\"><img loading=\"lazy\" decoding=\"async\" height=\"16\" width=\"16\" alt=\"\ud83c\udf72\" src=\"https:\/\/static.xx.fbcdn.net\/images\/emoji.php\/v9\/t5\/2\/16\/1f372.png\"> W sprzeda\u017cy m.in.:<\/p>\n\n\n\n<p class=\"wp-block-paragraph\">pierogi, bigos, barszcz czerwony, ciasta, pajda ze smalcem, frytki, nale\u015bniki, gofry, w\u0119dliny, sery, r\u0119kodzie\u0142o, ksi\u0105\u017cki i wiele innych pyszno\u015bci i atrakcji!<\/p>\n\n\n\n<p class=\"wp-block-paragraph\"><img loading=\"lazy\" decoding=\"async\" height=\"16\" width=\"16\" alt=\"\ud83d\udd28\" src=\"https:\/\/static.xx.fbcdn.net\/images\/emoji.php\/v9\/t72\/2\/16\/1f528.png\"> Licytacje:<\/p>\n\n\n\n<p class=\"wp-block-paragraph\">choinki, karp, bukiety, vouchery, seans na \u017cyczenie w Kinie za Rogiem \u201eKolejarz\u201d i wiele innych niespodzianek!<\/p>\n\n\n\n<p class=\"wp-block-paragraph\">Charytatywny Jarmark Bo\u017conarodzeniowy tworz\u0105:<\/p>\n\n\n\n<p class=\"wp-block-paragraph\">Gminne Centrum Kultury, Sportu i Rekreacji w W\u0119gli\u0144cu<\/p>\n\n\n\n<p class=\"wp-block-paragraph\"><a href=\"https:\/\/www.facebook.com\/promocja.wegliniec?__cft__[0]=AZUtjCCvvMm5ejH7Qg8Z2M5elUsaai5c5D1pB7O66E4QL0hT18jnbP-AEpfQcpufs70tRiNqZWAmnmfvL7Xrjpt2B69m5qUU8SgtVbQ_WfyOWqjRAc1zsQ3dJja-ZQ6t8pgdZdkMQQ9IL_ddtO70dUsL&amp;__tn__=-]K-R\">Urz\u0105d Gminy i Miasta w W\u0119gli\u0144cu<\/a><\/p>\n\n\n\n<p class=\"wp-block-paragraph\"><a href=\"https:\/\/www.facebook.com\/profile.php?id=100043360186743&amp;__cft__[0]=AZUtjCCvvMm5ejH7Qg8Z2M5elUsaai5c5D1pB7O66E4QL0hT18jnbP-AEpfQcpufs70tRiNqZWAmnmfvL7Xrjpt2B69m5qUU8SgtVbQ_WfyOWqjRAc1zsQ3dJja-ZQ6t8pgdZdkMQQ9IL_ddtO70dUsL&amp;__tn__=-]K-R\">PZW W\u0119gliniec<\/a><\/p>\n\n\n\n<p class=\"wp-block-paragraph\"><a href=\"https:\/\/www.facebook.com\/profile.php?id=100083191606005&amp;__cft__[0]=AZUtjCCvvMm5ejH7Qg8Z2M5elUsaai5c5D1pB7O66E4QL0hT18jnbP-AEpfQcpufs70tRiNqZWAmnmfvL7Xrjpt2B69m5qUU8SgtVbQ_WfyOWqjRAc1zsQ3dJja-ZQ6t8pgdZdkMQQ9IL_ddtO70dUsL&amp;__tn__=-]K-R\">Miejsko-Gminny O\u015brodek Pomocy Spo\u0142ecznej w W\u0119gli\u0144cu<\/a><\/p>\n\n\n\n<p class=\"wp-block-paragraph\"><a href=\"https:\/\/www.facebook.com\/profile.php?id=100076402350280&amp;__cft__[0]=AZUtjCCvvMm5ejH7Qg8Z2M5elUsaai5c5D1pB7O66E4QL0hT18jnbP-AEpfQcpufs70tRiNqZWAmnmfvL7Xrjpt2B69m5qUU8SgtVbQ_WfyOWqjRAc1zsQ3dJja-ZQ6t8pgdZdkMQQ9IL_ddtO70dUsL&amp;__tn__=-]K-R\">Miejski \u017b\u0142obek Publiczny im Kubusia Puchatka w W\u0119gli\u0144cu<\/a><\/p>\n\n\n\n<p class=\"wp-block-paragraph\"><a href=\"https:\/\/www.facebook.com\/profile.php?id=100064881216359&amp;__cft__[0]=AZUtjCCvvMm5ejH7Qg8Z2M5elUsaai5c5D1pB7O66E4QL0hT18jnbP-AEpfQcpufs70tRiNqZWAmnmfvL7Xrjpt2B69m5qUU8SgtVbQ_WfyOWqjRAc1zsQ3dJja-ZQ6t8pgdZdkMQQ9IL_ddtO70dUsL&amp;__tn__=-]K-R\">Miejskie Przedszkole Publiczne im. \u015awi\u0119tego Miko\u0142aja w W\u0119gli\u0144cu<\/a><\/p>\n\n\n\n<p class=\"wp-block-paragraph\"><a href=\"https:\/\/www.facebook.com\/parafiawegliniec?__cft__[0]=AZUtjCCvvMm5ejH7Qg8Z2M5elUsaai5c5D1pB7O66E4QL0hT18jnbP-AEpfQcpufs70tRiNqZWAmnmfvL7Xrjpt2B69m5qUU8SgtVbQ_WfyOWqjRAc1zsQ3dJja-ZQ6t8pgdZdkMQQ9IL_ddtO70dUsL&amp;__tn__=-]K-R\">Parafia pw. Naj\u015bwi\u0119tszego Serca Pana Jezusa w W\u0119gli\u0144cu<\/a><\/p>\n\n\n\n<p class=\"wp-block-paragraph\">SP w W\u0119gli\u0144cu<\/p>\n\n\n\n<p class=\"wp-block-paragraph\">Szko\u0142a Podstawowa w Ruszowie<\/p>\n\n\n\n<p class=\"wp-block-paragraph\"><a href=\"https:\/\/www.facebook.com\/spwoda.zadania?__cft__[0]=AZUtjCCvvMm5ejH7Qg8Z2M5elUsaai5c5D1pB7O66E4QL0hT18jnbP-AEpfQcpufs70tRiNqZWAmnmfvL7Xrjpt2B69m5qUU8SgtVbQ_WfyOWqjRAc1zsQ3dJja-ZQ6t8pgdZdkMQQ9IL_ddtO70dUsL&amp;__tn__=-]K-R\">Szko\u0142a Podstawowa Czerwona Woda<\/a><\/p>\n\n\n\n<p class=\"wp-block-paragraph\">Klub Seniora w W\u0119gli\u0144cu<\/p>\n\n\n\n<p class=\"wp-block-paragraph\">Klub Seniora w Jagodzinie<\/p>\n\n\n\n<p class=\"wp-block-paragraph\">i wiele innych, cudownych os\u00f3b <img loading=\"lazy\" decoding=\"async\" height=\"16\" width=\"16\" alt=\"\u2764\ufe0f\" src=\"https:\/\/static.xx.fbcdn.net\/images\/emoji.php\/v9\/ted\/2\/16\/2764.png\"><\/p>\n\n\n\n<p class=\"wp-block-paragraph\"><img loading=\"lazy\" decoding=\"async\" height=\"16\" width=\"16\" alt=\"\u2757\ufe0f\" src=\"https:\/\/static.xx.fbcdn.net\/images\/emoji.php\/v9\/td1\/2\/16\/2757.png\">Przyjd\u017a, baw si\u0119 i wspieraj! Razem mo\u017cemy zdzia\u0142a\u0107 naprawd\u0119 wiele. <img loading=\"lazy\" decoding=\"async\" height=\"16\" width=\"16\" alt=\"\u2764\ufe0f\" src=\"https:\/\/static.xx.fbcdn.net\/images\/emoji.php\/v9\/ted\/2\/16\/2764.png\"><\/p>\n\n\n\n<p class=\"wp-block-paragraph\"><img loading=\"lazy\" decoding=\"async\" height=\"16\" width=\"16\" alt=\"\ud83d\udccc\" src=\"https:\/\/static.xx.fbcdn.net\/images\/emoji.php\/v9\/t4b\/2\/16\/1f4cc.png\"> Do\u0142\u0105cz do wydarzenia, udost\u0119pnij i zapro\u015b znajomych!<\/p>\n\n\n\n<div style=\"height:13px\" aria-hidden=\"true\" class=\"wp-block-spacer\"><\/div>\n\n\n<div class=\"wp-block-image\">\n<figure class=\"aligncenter size-large\"><img loading=\"lazy\" decoding=\"async\" width=\"724\" height=\"1024\" src=\"https:\/\/gcksirwegliniec.pl\/wp-content\/uploads\/2025\/11\/37D4ABA1-D1D3-48A4-8A30-539F0AC0A7E3-724x1024.png\" alt=\"\" class=\"wp-image-3830\" srcset=\"https:\/\/gcksirwegliniec.pl\/wp-content\/uploads\/2025\/11\/37D4ABA1-D1D3-48A4-8A30-539F0AC0A7E3-724x1024.png 724w, https:\/\/gcksirwegliniec.pl\/wp-content\/uploads\/2025\/11\/37D4ABA1-D1D3-48A4-8A30-539F0AC0A7E3-600x849.png 600w, https:\/\/gcksirwegliniec.pl\/wp-content\/uploads\/2025\/11\/37D4ABA1-D1D3-48A4-8A30-539F0AC0A7E3-212x300.png 212w, https:\/\/gcksirwegliniec.pl\/wp-content\/uploads\/2025\/11\/37D4ABA1-D1D3-48A4-8A30-539F0AC0A7E3-768x1086.png 768w, https:\/\/gcksirwegliniec.pl\/wp-content\/uploads\/2025\/11\/37D4ABA1-D1D3-48A4-8A30-539F0AC0A7E3-1086x1536.png 1086w, https:\/\/gcksirwegliniec.pl\/wp-content\/uploads\/2025\/11\/37D4ABA1-D1D3-48A4-8A30-539F0AC0A7E3-720x1018.png 720w, https:\/\/gcksirwegliniec.pl\/wp-content\/uploads\/2025\/11\/37D4ABA1-D1D3-48A4-8A30-539F0AC0A7E3-520x736.png 520w, https:\/\/gcksirwegliniec.pl\/wp-content\/uploads\/2025\/11\/37D4ABA1-D1D3-48A4-8A30-539F0AC0A7E3-320x453.png 320w, https:\/\/gcksirwegliniec.pl\/wp-content\/uploads\/2025\/11\/37D4ABA1-D1D3-48A4-8A30-539F0AC0A7E3.png 1414w\" sizes=\"auto, (max-width: 724px) 100vw, 724px\" \/><\/figure>\n<\/div>","protected":false},"excerpt":{"rendered":"<p>Burmistrz Gminy i Miasta W\u0119gliniec Mariusz Wieczorek oraz Gminne Centrum Kultury, Sportu i Rekreacji w&#46;&#46;&#46;<\/p>\n","protected":false},"author":1,"featured_media":3831,"comment_status":"open","ping_status":"open","sticky":false,"template":"","format":"standard","meta":{"_eb_attr":"","_crdt_document":"","_uag_custom_page_level_css":"","_jetpack_memberships_contains_paid_content":false,"footnotes":""},"categories":[5],"tags":[],"class_list":["post-3829","post","type-post","status-publish","format-standard","has-post-thumbnail","hentry","category-zapowiedz"],"yoast_head":"<!-- This site is optimized with the Yoast SEO plugin v26.9 - https:\/\/yoast.com\/product\/yoast-seo-wordpress\/ -->\n<title>Charytatywny Jarmark Bo\u017conarodzeniowy w W\u0119gli\u0144cu - GCKSiR W\u0119gliniec<\/title>\n<meta name=\"robots\" content=\"index, follow, max-snippet:-1, max-image-preview:large, max-video-preview:-1\" \/>\n<link rel=\"canonical\" href=\"https:\/\/gcksirwegliniec.pl\/?p=3829\" \/>\n<meta property=\"og:locale\" content=\"pl_PL\" \/>\n<meta property=\"og:type\" content=\"article\" \/>\n<meta property=\"og:title\" content=\"Charytatywny Jarmark Bo\u017conarodzeniowy w W\u0119gli\u0144cu - GCKSiR W\u0119gliniec\" \/>\n<meta property=\"og:description\" content=\"Burmistrz Gminy i Miasta W\u0119gliniec Mariusz Wieczorek oraz Gminne Centrum Kultury, Sportu i Rekreacji w&#046;&#046;&#046;\" \/>\n<meta property=\"og:url\" content=\"https:\/\/gcksirwegliniec.pl\/?p=3829\" \/>\n<meta property=\"og:site_name\" content=\"GCKSiR W\u0119gliniec\" \/>\n<meta property=\"article:published_time\" content=\"2025-11-22T18:51:26+00:00\" \/>\n<meta property=\"article:modified_time\" content=\"2025-11-22T18:55:59+00:00\" \/>\n<meta property=\"og:image\" content=\"https:\/\/gcksirwegliniec.pl\/wp-content\/uploads\/2025\/11\/97C593DB-C150-423B-AB90-1C7B09832002_4_5005_c.jpeg\" \/>\n\t<meta property=\"og:image:width\" content=\"850\" \/>\n\t<meta property=\"og:image:height\" content=\"314\" \/>\n\t<meta property=\"og:image:type\" content=\"image\/jpeg\" \/>\n<meta name=\"author\" content=\"admin\" \/>\n<meta name=\"twitter:card\" content=\"summary_large_image\" \/>\n<meta name=\"twitter:label1\" content=\"Napisane przez\" \/>\n\t<meta name=\"twitter:data1\" content=\"admin\" \/>\n\t<meta name=\"twitter:label2\" content=\"Szacowany czas czytania\" \/>\n\t<meta name=\"twitter:data2\" content=\"7 minut\" \/>\n<script type=\"application\/ld+json\" class=\"yoast-schema-graph\">{\"@context\":\"https:\/\/schema.org\",\"@graph\":[{\"@type\":\"Article\",\"@id\":\"https:\/\/gcksirwegliniec.pl\/?p=3829#article\",\"isPartOf\":{\"@id\":\"https:\/\/gcksirwegliniec.pl\/?p=3829\"},\"author\":{\"name\":\"admin\",\"@id\":\"https:\/\/gcksirwegliniec.pl\/#\/schema\/person\/fabde4b0af16fcbecf71d410bc4fb681\"},\"headline\":\"Charytatywny Jarmark Bo\u017conarodzeniowy w W\u0119gli\u0144cu\",\"datePublished\":\"2025-11-22T18:51:26+00:00\",\"dateModified\":\"2025-11-22T18:55:59+00:00\",\"mainEntityOfPage\":{\"@id\":\"https:\/\/gcksirwegliniec.pl\/?p=3829\"},\"wordCount\":320,\"commentCount\":0,\"publisher\":{\"@id\":\"https:\/\/gcksirwegliniec.pl\/#organization\"},\"image\":{\"@id\":\"https:\/\/gcksirwegliniec.pl\/?p=3829#primaryimage\"},\"thumbnailUrl\":\"https:\/\/gcksirwegliniec.pl\/wp-content\/uploads\/2025\/11\/97C593DB-C150-423B-AB90-1C7B09832002_4_5005_c.jpeg\",\"articleSection\":[\"Zapowied\u017a\"],\"inLanguage\":\"pl-PL\",\"potentialAction\":[{\"@type\":\"CommentAction\",\"name\":\"Comment\",\"target\":[\"https:\/\/gcksirwegliniec.pl\/?p=3829#respond\"]}]},{\"@type\":\"WebPage\",\"@id\":\"https:\/\/gcksirwegliniec.pl\/?p=3829\",\"url\":\"https:\/\/gcksirwegliniec.pl\/?p=3829\",\"name\":\"Charytatywny Jarmark Bo\u017conarodzeniowy w W\u0119gli\u0144cu - GCKSiR W\u0119gliniec\",\"isPartOf\":{\"@id\":\"https:\/\/gcksirwegliniec.pl\/#website\"},\"primaryImageOfPage\":{\"@id\":\"https:\/\/gcksirwegliniec.pl\/?p=3829#primaryimage\"},\"image\":{\"@id\":\"https:\/\/gcksirwegliniec.pl\/?p=3829#primaryimage\"},\"thumbnailUrl\":\"https:\/\/gcksirwegliniec.pl\/wp-content\/uploads\/2025\/11\/97C593DB-C150-423B-AB90-1C7B09832002_4_5005_c.jpeg\",\"datePublished\":\"2025-11-22T18:51:26+00:00\",\"dateModified\":\"2025-11-22T18:55:59+00:00\",\"breadcrumb\":{\"@id\":\"https:\/\/gcksirwegliniec.pl\/?p=3829#breadcrumb\"},\"inLanguage\":\"pl-PL\",\"potentialAction\":[{\"@type\":\"ReadAction\",\"target\":[\"https:\/\/gcksirwegliniec.pl\/?p=3829\"]}]},{\"@type\":\"ImageObject\",\"inLanguage\":\"pl-PL\",\"@id\":\"https:\/\/gcksirwegliniec.pl\/?p=3829#primaryimage\",\"url\":\"https:\/\/gcksirwegliniec.pl\/wp-content\/uploads\/2025\/11\/97C593DB-C150-423B-AB90-1C7B09832002_4_5005_c.jpeg\",\"contentUrl\":\"https:\/\/gcksirwegliniec.pl\/wp-content\/uploads\/2025\/11\/97C593DB-C150-423B-AB90-1C7B09832002_4_5005_c.jpeg\",\"width\":850,\"height\":314},{\"@type\":\"BreadcrumbList\",\"@id\":\"https:\/\/gcksirwegliniec.pl\/?p=3829#breadcrumb\",\"itemListElement\":[{\"@type\":\"ListItem\",\"position\":1,\"name\":\"Home\",\"item\":\"https:\/\/gcksirwegliniec.pl\/\"},{\"@type\":\"ListItem\",\"position\":2,\"name\":\"Charytatywny Jarmark Bo\u017conarodzeniowy w W\u0119gli\u0144cu\"}]},{\"@type\":\"WebSite\",\"@id\":\"https:\/\/gcksirwegliniec.pl\/#website\",\"url\":\"https:\/\/gcksirwegliniec.pl\/\",\"name\":\"GCKSiR W\u0119gliniec\",\"description\":\"\",\"publisher\":{\"@id\":\"https:\/\/gcksirwegliniec.pl\/#organization\"},\"potentialAction\":[{\"@type\":\"SearchAction\",\"target\":{\"@type\":\"EntryPoint\",\"urlTemplate\":\"https:\/\/gcksirwegliniec.pl\/?s={search_term_string}\"},\"query-input\":{\"@type\":\"PropertyValueSpecification\",\"valueRequired\":true,\"valueName\":\"search_term_string\"}}],\"inLanguage\":\"pl-PL\"},{\"@type\":\"Organization\",\"@id\":\"https:\/\/gcksirwegliniec.pl\/#organization\",\"name\":\"GCKSiR W\u0119gliniec\",\"url\":\"https:\/\/gcksirwegliniec.pl\/\",\"logo\":{\"@type\":\"ImageObject\",\"inLanguage\":\"pl-PL\",\"@id\":\"https:\/\/gcksirwegliniec.pl\/#\/schema\/logo\/image\/\",\"url\":\"https:\/\/gcksirwegliniec.pl\/wp-content\/uploads\/2025\/08\/cropped-A790B771-B708-480A-B996-7A8B9BB2ABCE.jpeg\",\"contentUrl\":\"https:\/\/gcksirwegliniec.pl\/wp-content\/uploads\/2025\/08\/cropped-A790B771-B708-480A-B996-7A8B9BB2ABCE.jpeg\",\"width\":689,\"height\":435,\"caption\":\"GCKSiR W\u0119gliniec\"},\"image\":{\"@id\":\"https:\/\/gcksirwegliniec.pl\/#\/schema\/logo\/image\/\"}},{\"@type\":\"Person\",\"@id\":\"https:\/\/gcksirwegliniec.pl\/#\/schema\/person\/fabde4b0af16fcbecf71d410bc4fb681\",\"name\":\"admin\",\"image\":{\"@type\":\"ImageObject\",\"inLanguage\":\"pl-PL\",\"@id\":\"https:\/\/gcksirwegliniec.pl\/#\/schema\/person\/image\/\",\"url\":\"https:\/\/secure.gravatar.com\/avatar\/548e407bfa377e5c0a3956ad929b032fb581c740b209e04c2371b3d6d80514d5?s=96&d=mm&r=g\",\"contentUrl\":\"https:\/\/secure.gravatar.com\/avatar\/548e407bfa377e5c0a3956ad929b032fb581c740b209e04c2371b3d6d80514d5?s=96&d=mm&r=g\",\"caption\":\"admin\"},\"sameAs\":[\"http:\/\/strona.gcksirwegliniec.pl\"],\"url\":\"https:\/\/gcksirwegliniec.pl\/?author=1\"}]}<\/script>\n<!-- \/ Yoast SEO plugin. -->","yoast_head_json":{"title":"Charytatywny Jarmark Bo\u017conarodzeniowy w W\u0119gli\u0144cu - GCKSiR W\u0119gliniec","robots":{"index":"index","follow":"follow","max-snippet":"max-snippet:-1","max-image-preview":"max-image-preview:large","max-video-preview":"max-video-preview:-1"},"canonical":"https:\/\/gcksirwegliniec.pl\/?p=3829","og_locale":"pl_PL","og_type":"article","og_title":"Charytatywny Jarmark Bo\u017conarodzeniowy w W\u0119gli\u0144cu - GCKSiR W\u0119gliniec","og_description":"Burmistrz Gminy i Miasta W\u0119gliniec Mariusz Wieczorek oraz Gminne Centrum Kultury, Sportu i Rekreacji w&#46;&#46;&#46;","og_url":"https:\/\/gcksirwegliniec.pl\/?p=3829","og_site_name":"GCKSiR W\u0119gliniec","article_published_time":"2025-11-22T18:51:26+00:00","article_modified_time":"2025-11-22T18:55:59+00:00","og_image":[{"width":850,"height":314,"url":"https:\/\/gcksirwegliniec.pl\/wp-content\/uploads\/2025\/11\/97C593DB-C150-423B-AB90-1C7B09832002_4_5005_c.jpeg","type":"image\/jpeg"}],"author":"admin","twitter_card":"summary_large_image","twitter_misc":{"Napisane przez":"admin","Szacowany czas czytania":"7 minut"},"schema":{"@context":"https:\/\/schema.org","@graph":[{"@type":"Article","@id":"https:\/\/gcksirwegliniec.pl\/?p=3829#article","isPartOf":{"@id":"https:\/\/gcksirwegliniec.pl\/?p=3829"},"author":{"name":"admin","@id":"https:\/\/gcksirwegliniec.pl\/#\/schema\/person\/fabde4b0af16fcbecf71d410bc4fb681"},"headline":"Charytatywny Jarmark Bo\u017conarodzeniowy w W\u0119gli\u0144cu","datePublished":"2025-11-22T18:51:26+00:00","dateModified":"2025-11-22T18:55:59+00:00","mainEntityOfPage":{"@id":"https:\/\/gcksirwegliniec.pl\/?p=3829"},"wordCount":320,"commentCount":0,"publisher":{"@id":"https:\/\/gcksirwegliniec.pl\/#organization"},"image":{"@id":"https:\/\/gcksirwegliniec.pl\/?p=3829#primaryimage"},"thumbnailUrl":"https:\/\/gcksirwegliniec.pl\/wp-content\/uploads\/2025\/11\/97C593DB-C150-423B-AB90-1C7B09832002_4_5005_c.jpeg","articleSection":["Zapowied\u017a"],"inLanguage":"pl-PL","potentialAction":[{"@type":"CommentAction","name":"Comment","target":["https:\/\/gcksirwegliniec.pl\/?p=3829#respond"]}]},{"@type":"WebPage","@id":"https:\/\/gcksirwegliniec.pl\/?p=3829","url":"https:\/\/gcksirwegliniec.pl\/?p=3829","name":"Charytatywny Jarmark Bo\u017conarodzeniowy w W\u0119gli\u0144cu - GCKSiR W\u0119gliniec","isPartOf":{"@id":"https:\/\/gcksirwegliniec.pl\/#website"},"primaryImageOfPage":{"@id":"https:\/\/gcksirwegliniec.pl\/?p=3829#primaryimage"},"image":{"@id":"https:\/\/gcksirwegliniec.pl\/?p=3829#primaryimage"},"thumbnailUrl":"https:\/\/gcksirwegliniec.pl\/wp-content\/uploads\/2025\/11\/97C593DB-C150-423B-AB90-1C7B09832002_4_5005_c.jpeg","datePublished":"2025-11-22T18:51:26+00:00","dateModified":"2025-11-22T18:55:59+00:00","breadcrumb":{"@id":"https:\/\/gcksirwegliniec.pl\/?p=3829#breadcrumb"},"inLanguage":"pl-PL","potentialAction":[{"@type":"ReadAction","target":["https:\/\/gcksirwegliniec.pl\/?p=3829"]}]},{"@type":"ImageObject","inLanguage":"pl-PL","@id":"https:\/\/gcksirwegliniec.pl\/?p=3829#primaryimage","url":"https:\/\/gcksirwegliniec.pl\/wp-content\/uploads\/2025\/11\/97C593DB-C150-423B-AB90-1C7B09832002_4_5005_c.jpeg","contentUrl":"https:\/\/gcksirwegliniec.pl\/wp-content\/uploads\/2025\/11\/97C593DB-C150-423B-AB90-1C7B09832002_4_5005_c.jpeg","width":850,"height":314},{"@type":"BreadcrumbList","@id":"https:\/\/gcksirwegliniec.pl\/?p=3829#breadcrumb","itemListElement":[{"@type":"ListItem","position":1,"name":"Home","item":"https:\/\/gcksirwegliniec.pl\/"},{"@type":"ListItem","position":2,"name":"Charytatywny Jarmark Bo\u017conarodzeniowy w W\u0119gli\u0144cu"}]},{"@type":"WebSite","@id":"https:\/\/gcksirwegliniec.pl\/#website","url":"https:\/\/gcksirwegliniec.pl\/","name":"GCKSiR W\u0119gliniec","description":"","publisher":{"@id":"https:\/\/gcksirwegliniec.pl\/#organization"},"potentialAction":[{"@type":"SearchAction","target":{"@type":"EntryPoint","urlTemplate":"https:\/\/gcksirwegliniec.pl\/?s={search_term_string}"},"query-input":{"@type":"PropertyValueSpecification","valueRequired":true,"valueName":"search_term_string"}}],"inLanguage":"pl-PL"},{"@type":"Organization","@id":"https:\/\/gcksirwegliniec.pl\/#organization","name":"GCKSiR W\u0119gliniec","url":"https:\/\/gcksirwegliniec.pl\/","logo":{"@type":"ImageObject","inLanguage":"pl-PL","@id":"https:\/\/gcksirwegliniec.pl\/#\/schema\/logo\/image\/","url":"https:\/\/gcksirwegliniec.pl\/wp-content\/uploads\/2025\/08\/cropped-A790B771-B708-480A-B996-7A8B9BB2ABCE.jpeg","contentUrl":"https:\/\/gcksirwegliniec.pl\/wp-content\/uploads\/2025\/08\/cropped-A790B771-B708-480A-B996-7A8B9BB2ABCE.jpeg","width":689,"height":435,"caption":"GCKSiR W\u0119gliniec"},"image":{"@id":"https:\/\/gcksirwegliniec.pl\/#\/schema\/logo\/image\/"}},{"@type":"Person","@id":"https:\/\/gcksirwegliniec.pl\/#\/schema\/person\/fabde4b0af16fcbecf71d410bc4fb681","name":"admin","image":{"@type":"ImageObject","inLanguage":"pl-PL","@id":"https:\/\/gcksirwegliniec.pl\/#\/schema\/person\/image\/","url":"https:\/\/secure.gravatar.com\/avatar\/548e407bfa377e5c0a3956ad929b032fb581c740b209e04c2371b3d6d80514d5?s=96&d=mm&r=g","contentUrl":"https:\/\/secure.gravatar.com\/avatar\/548e407bfa377e5c0a3956ad929b032fb581c740b209e04c2371b3d6d80514d5?s=96&d=mm&r=g","caption":"admin"},"sameAs":["http:\/\/strona.gcksirwegliniec.pl"],"url":"https:\/\/gcksirwegliniec.pl\/?author=1"}]}},"jetpack_featured_media_url":"https:\/\/gcksirwegliniec.pl\/wp-content\/uploads\/2025\/11\/97C593DB-C150-423B-AB90-1C7B09832002_4_5005_c.jpeg","uagb_featured_image_src":{"full":["https:\/\/gcksirwegliniec.pl\/wp-content\/uploads\/2025\/11\/97C593DB-C150-423B-AB90-1C7B09832002_4_5005_c.jpeg",850,314,false],"thumbnail":["https:\/\/gcksirwegliniec.pl\/wp-content\/uploads\/2025\/11\/97C593DB-C150-423B-AB90-1C7B09832002_4_5005_c-150x150.jpeg",150,150,true],"medium":["https:\/\/gcksirwegliniec.pl\/wp-content\/uploads\/2025\/11\/97C593DB-C150-423B-AB90-1C7B09832002_4_5005_c-300x111.jpeg",300,111,true],"medium_large":["https:\/\/gcksirwegliniec.pl\/wp-content\/uploads\/2025\/11\/97C593DB-C150-423B-AB90-1C7B09832002_4_5005_c-768x284.jpeg",768,284,true],"large":["https:\/\/gcksirwegliniec.pl\/wp-content\/uploads\/2025\/11\/97C593DB-C150-423B-AB90-1C7B09832002_4_5005_c.jpeg",850,314,false],"1536x1536":["https:\/\/gcksirwegliniec.pl\/wp-content\/uploads\/2025\/11\/97C593DB-C150-423B-AB90-1C7B09832002_4_5005_c.jpeg",850,314,false],"2048x2048":["https:\/\/gcksirwegliniec.pl\/wp-content\/uploads\/2025\/11\/97C593DB-C150-423B-AB90-1C7B09832002_4_5005_c.jpeg",850,314,false],"thumb-small":["https:\/\/gcksirwegliniec.pl\/wp-content\/uploads\/2025\/11\/97C593DB-C150-423B-AB90-1C7B09832002_4_5005_c-80x80.jpeg",80,80,true],"thumb-standard":["https:\/\/gcksirwegliniec.pl\/wp-content\/uploads\/2025\/11\/97C593DB-C150-423B-AB90-1C7B09832002_4_5005_c-320x314.jpeg",320,314,true],"thumb-medium":["https:\/\/gcksirwegliniec.pl\/wp-content\/uploads\/2025\/11\/97C593DB-C150-423B-AB90-1C7B09832002_4_5005_c-520x245.jpeg",520,245,true],"thumb-large":["https:\/\/gcksirwegliniec.pl\/wp-content\/uploads\/2025\/11\/97C593DB-C150-423B-AB90-1C7B09832002_4_5005_c-720x314.jpeg",720,314,true],"thumb-xlarge":["https:\/\/gcksirwegliniec.pl\/wp-content\/uploads\/2025\/11\/97C593DB-C150-423B-AB90-1C7B09832002_4_5005_c.jpeg",850,314,false],"thumb-xxlarge":["https:\/\/gcksirwegliniec.pl\/wp-content\/uploads\/2025\/11\/97C593DB-C150-423B-AB90-1C7B09832002_4_5005_c.jpeg",850,314,false],"thumb-large-no-crop":["https:\/\/gcksirwegliniec.pl\/wp-content\/uploads\/2025\/11\/97C593DB-C150-423B-AB90-1C7B09832002_4_5005_c-720x266.jpeg",720,266,true],"thumb-medium-no-crop":["https:\/\/gcksirwegliniec.pl\/wp-content\/uploads\/2025\/11\/97C593DB-C150-423B-AB90-1C7B09832002_4_5005_c-520x192.jpeg",520,192,true],"thumb-standard-no-crop":["https:\/\/gcksirwegliniec.pl\/wp-content\/uploads\/2025\/11\/97C593DB-C150-423B-AB90-1C7B09832002_4_5005_c-320x118.jpeg",320,118,true],"mailpoet_newsletter_max":["https:\/\/gcksirwegliniec.pl\/wp-content\/uploads\/2025\/11\/97C593DB-C150-423B-AB90-1C7B09832002_4_5005_c.jpeg",850,314,false],"woocommerce_thumbnail":["https:\/\/gcksirwegliniec.pl\/wp-content\/uploads\/2025\/11\/97C593DB-C150-423B-AB90-1C7B09832002_4_5005_c-300x300.jpeg",300,300,true],"woocommerce_single":["https:\/\/gcksirwegliniec.pl\/wp-content\/uploads\/2025\/11\/97C593DB-C150-423B-AB90-1C7B09832002_4_5005_c-600x222.jpeg",600,222,true],"woocommerce_gallery_thumbnail":["https:\/\/gcksirwegliniec.pl\/wp-content\/uploads\/2025\/11\/97C593DB-C150-423B-AB90-1C7B09832002_4_5005_c-100x100.jpeg",100,100,true]},"uagb_author_info":{"display_name":"admin","author_link":"https:\/\/gcksirwegliniec.pl\/?author=1"},"uagb_comment_info":0,"uagb_excerpt":"Burmistrz Gminy i Miasta W\u0119gliniec Mariusz Wieczorek oraz Gminne Centrum Kultury, Sportu i Rekreacji w&#46;&#46;&#46;","jetpack_sharing_enabled":true,"_links":{"self":[{"href":"https:\/\/gcksirwegliniec.pl\/index.php?rest_route=\/wp\/v2\/posts\/3829","targetHints":{"allow":["GET"]}}],"collection":[{"href":"https:\/\/gcksirwegliniec.pl\/index.php?rest_route=\/wp\/v2\/posts"}],"about":[{"href":"https:\/\/gcksirwegliniec.pl\/index.php?rest_route=\/wp\/v2\/types\/post"}],"author":[{"embeddable":true,"href":"https:\/\/gcksirwegliniec.pl\/index.php?rest_route=\/wp\/v2\/users\/1"}],"replies":[{"embeddable":true,"href":"https:\/\/gcksirwegliniec.pl\/index.php?rest_route=%2Fwp%2Fv2%2Fcomments&post=3829"}],"version-history":[{"count":1,"href":"https:\/\/gcksirwegliniec.pl\/index.php?rest_route=\/wp\/v2\/posts\/3829\/revisions"}],"predecessor-version":[{"id":3832,"href":"https:\/\/gcksirwegliniec.pl\/index.php?rest_route=\/wp\/v2\/posts\/3829\/revisions\/3832"}],"wp:featuredmedia":[{"embeddable":true,"href":"https:\/\/gcksirwegliniec.pl\/index.php?rest_route=\/wp\/v2\/media\/3831"}],"wp:attachment":[{"href":"https:\/\/gcksirwegliniec.pl\/index.php?rest_route=%2Fwp%2Fv2%2Fmedia&parent=3829"}],"wp:term":[{"taxonomy":"category","embeddable":true,"href":"https:\/\/gcksirwegliniec.pl\/index.php?rest_route=%2Fwp%2Fv2%2Fcategories&post=3829"},{"taxonomy":"post_tag","embeddable":true,"href":"https:\/\/gcksirwegliniec.pl\/index.php?rest_route=%2Fwp%2Fv2%2Ftags&post=3829"}],"curies":[{"name":"wp","href":"https:\/\/api.w.org\/{rel}","templated":true}]}}