{"id":3208,"date":"2025-09-30T21:24:39","date_gmt":"2025-09-30T19:24:39","guid":{"rendered":"https:\/\/gcksirwegliniec.pl\/?p=3208"},"modified":"2025-09-30T21:24:40","modified_gmt":"2025-09-30T19:24:40","slug":"relacja-z-udzialu-w-konferencji-kultura-dla-wszystkich-realizacja-transgranicznego-dostepu-do-kultury","status":"publish","type":"post","link":"https:\/\/gcksirwegliniec.pl\/?p=3208","title":{"rendered":"Relacja z udzia\u0142u w konferencji \u201eKultura dla wszystkich! Realizacja transgranicznego dost\u0119pu do kultury\u201d"},"content":{"rendered":"\n<div style=\"height:17px\" aria-hidden=\"true\" class=\"wp-block-spacer\"><\/div>\n\n\n\n<p class=\"wp-block-paragraph\">Dnia <a><\/a>30.09.2025 r. w niemieckiej RABRYCE w G\u00f6rlitz odby\u0142a si\u0119 konferencja \u201eKultura dla wszystkich! Realizacja transgranicznego dost\u0119pu do kultury\u201d, w kt\u00f3rej mieli\u015bmy ogromn\u0105 przyjemno\u015b\u0107 bra\u0107 udzia\u0142 wsp\u00f3lnie z niekt\u00f3rymi polskimi i niemieckimi instytucjami kultury.<\/p>\n\n\n\n<p class=\"wp-block-paragraph\">Powitania uczestnik\u00f3w dokona\u0142a Julia Schluter &#8211; dyrektorka zarz\u0105dzaj\u0105ca RABRYKA.<\/p>\n\n\n\n<p class=\"wp-block-paragraph\">G\u0142os zabra\u0142a tak\u017ce Elvira Mirle &#8211; pe\u0142nomocniczka ds. os\u00f3b z niepe\u0142nosprawno\u015bciami oraz Ireneusz Owsik &#8211; etatowy cz\u0142onek Zarz\u0105du Powiatu Zgorzeleckiego.<\/p>\n\n\n\n<p class=\"wp-block-paragraph\">W programie konferencji znalaz\u0142a si\u0119 prelekcja dotycz\u0105ca inkluzji wyg\u0142oszona przez prof. dr. phil. Ingolfa Prosetzky oraz prelekcja &#8222;Jak umo\u017cliwi\u0107 osobom z niepe\u0142nosprawno\u015bciami udzia\u0142 w kulturze?&#8221; Paw\u0142a Kami\u0144skiego &#8211; dyrektora O\u015brodka Postaw Tw\u00f3rczych we Wroc\u0142awiu.<\/p>\n\n\n\n<p class=\"wp-block-paragraph\">W bloku Think Talk udzia\u0142 wzi\u0119li Ines Reimann, Norman Sass, Zbigniew Kret oraz Anna Patroszewska, kt\u00f3rzy przedstawili uczestnikom perspektyw\u0119 os\u00f3b borykaj\u0105cych si\u0119 z problemami dost\u0119pu do kultury.<\/p>\n\n\n\n<p class=\"wp-block-paragraph\">W trwaj\u0105cej 7 godzin konferencji nie mog\u0142o zabrakn\u0105\u0107 miejsca na przerw\u0119 obiadow\u0105, podczas kt\u00f3rej organizatorzy serwowali uczestnikom wega\u0144skie dania <img loading=\"lazy\" decoding=\"async\" height=\"16\" width=\"16\" alt=\"\ud83c\udf7d\" src=\"https:\/\/static.xx.fbcdn.net\/images\/emoji.php\/v9\/t37\/2\/16\/1f37d.png\"><img loading=\"lazy\" decoding=\"async\" height=\"16\" width=\"16\" alt=\"\ud83c\udf47\" src=\"https:\/\/static.xx.fbcdn.net\/images\/emoji.php\/v9\/tad\/2\/16\/1f347.png\"><img loading=\"lazy\" decoding=\"async\" height=\"16\" width=\"16\" alt=\"\ud83e\uded5\" src=\"https:\/\/static.xx.fbcdn.net\/images\/emoji.php\/v9\/t29\/2\/16\/1fad5.png\"><\/p>\n\n\n\n<p class=\"wp-block-paragraph\">Po przerwie mia\u0142 miejsce wyst\u0119p artystyczny &#8222;I&#8217;m different, I&#8217;m able&#8221; w wykonaniu Joanny Pawlik &#8211; artystki sztuk performatywnych z Krakowa.<\/p>\n\n\n\n<p class=\"wp-block-paragraph\">Na koniec uczestnicy mieli mo\u017cliwo\u015b\u0107 wzi\u0119cia udzia\u0142u w ciekawych warsztatach.<\/p>\n\n\n\n<p class=\"wp-block-paragraph\">Podkre\u015bli\u0107 nale\u017cy, \u017ce udzia\u0142 w konferencji by\u0142 bezp\u0142atny, a zebrane do\u015bwiadczenia i kontakty z pewno\u015bci\u0105 przyczyni\u0105 si\u0119 do rozwijania dost\u0119pno\u015bci kultury w naszym regionie.<\/p>\n\n\n\n<div style=\"height:19px\" aria-hidden=\"true\" class=\"wp-block-spacer\"><\/div>\n\n\n\n<figure class=\"wp-block-gallery has-nested-images columns-default is-cropped wp-block-gallery-1 is-layout-flex wp-block-gallery-is-layout-flex\">\n<figure class=\"wp-block-image size-large\"><img loading=\"lazy\" decoding=\"async\" width=\"768\" height=\"1024\" data-id=\"3212\" src=\"https:\/\/gcksirwegliniec.pl\/wp-content\/uploads\/2025\/09\/558669614_2562343510770642_4263226880870564715_n-768x1024.jpg\" alt=\"\" class=\"wp-image-3212\" srcset=\"https:\/\/gcksirwegliniec.pl\/wp-content\/uploads\/2025\/09\/558669614_2562343510770642_4263226880870564715_n-768x1024.jpg 768w, https:\/\/gcksirwegliniec.pl\/wp-content\/uploads\/2025\/09\/558669614_2562343510770642_4263226880870564715_n-600x800.jpg 600w, https:\/\/gcksirwegliniec.pl\/wp-content\/uploads\/2025\/09\/558669614_2562343510770642_4263226880870564715_n-225x300.jpg 225w, https:\/\/gcksirwegliniec.pl\/wp-content\/uploads\/2025\/09\/558669614_2562343510770642_4263226880870564715_n-1152x1536.jpg 1152w, https:\/\/gcksirwegliniec.pl\/wp-content\/uploads\/2025\/09\/558669614_2562343510770642_4263226880870564715_n-720x960.jpg 720w, https:\/\/gcksirwegliniec.pl\/wp-content\/uploads\/2025\/09\/558669614_2562343510770642_4263226880870564715_n-520x693.jpg 520w, https:\/\/gcksirwegliniec.pl\/wp-content\/uploads\/2025\/09\/558669614_2562343510770642_4263226880870564715_n-320x427.jpg 320w, https:\/\/gcksirwegliniec.pl\/wp-content\/uploads\/2025\/09\/558669614_2562343510770642_4263226880870564715_n.jpg 1536w\" sizes=\"auto, (max-width: 768px) 100vw, 768px\" \/><\/figure>\n\n\n\n<figure class=\"wp-block-image size-large\"><img loading=\"lazy\" decoding=\"async\" width=\"768\" height=\"1024\" data-id=\"3210\" src=\"https:\/\/gcksirwegliniec.pl\/wp-content\/uploads\/2025\/09\/558315515_2562343264104000_7518633398957155571_n-768x1024.jpg\" alt=\"\" class=\"wp-image-3210\" srcset=\"https:\/\/gcksirwegliniec.pl\/wp-content\/uploads\/2025\/09\/558315515_2562343264104000_7518633398957155571_n-768x1024.jpg 768w, https:\/\/gcksirwegliniec.pl\/wp-content\/uploads\/2025\/09\/558315515_2562343264104000_7518633398957155571_n-600x800.jpg 600w, https:\/\/gcksirwegliniec.pl\/wp-content\/uploads\/2025\/09\/558315515_2562343264104000_7518633398957155571_n-225x300.jpg 225w, https:\/\/gcksirwegliniec.pl\/wp-content\/uploads\/2025\/09\/558315515_2562343264104000_7518633398957155571_n-1152x1536.jpg 1152w, https:\/\/gcksirwegliniec.pl\/wp-content\/uploads\/2025\/09\/558315515_2562343264104000_7518633398957155571_n-720x960.jpg 720w, https:\/\/gcksirwegliniec.pl\/wp-content\/uploads\/2025\/09\/558315515_2562343264104000_7518633398957155571_n-520x693.jpg 520w, https:\/\/gcksirwegliniec.pl\/wp-content\/uploads\/2025\/09\/558315515_2562343264104000_7518633398957155571_n-320x427.jpg 320w, https:\/\/gcksirwegliniec.pl\/wp-content\/uploads\/2025\/09\/558315515_2562343264104000_7518633398957155571_n.jpg 1536w\" sizes=\"auto, (max-width: 768px) 100vw, 768px\" \/><\/figure>\n\n\n\n<figure class=\"wp-block-image size-large\"><img loading=\"lazy\" decoding=\"async\" width=\"768\" height=\"1024\" data-id=\"3213\" src=\"https:\/\/gcksirwegliniec.pl\/wp-content\/uploads\/2025\/09\/555462058_2562343784103948_3814901326589437670_n-768x1024.jpg\" alt=\"\" class=\"wp-image-3213\" srcset=\"https:\/\/gcksirwegliniec.pl\/wp-content\/uploads\/2025\/09\/555462058_2562343784103948_3814901326589437670_n-768x1024.jpg 768w, https:\/\/gcksirwegliniec.pl\/wp-content\/uploads\/2025\/09\/555462058_2562343784103948_3814901326589437670_n-600x800.jpg 600w, https:\/\/gcksirwegliniec.pl\/wp-content\/uploads\/2025\/09\/555462058_2562343784103948_3814901326589437670_n-225x300.jpg 225w, https:\/\/gcksirwegliniec.pl\/wp-content\/uploads\/2025\/09\/555462058_2562343784103948_3814901326589437670_n-1152x1536.jpg 1152w, https:\/\/gcksirwegliniec.pl\/wp-content\/uploads\/2025\/09\/555462058_2562343784103948_3814901326589437670_n-720x960.jpg 720w, https:\/\/gcksirwegliniec.pl\/wp-content\/uploads\/2025\/09\/555462058_2562343784103948_3814901326589437670_n-520x693.jpg 520w, https:\/\/gcksirwegliniec.pl\/wp-content\/uploads\/2025\/09\/555462058_2562343784103948_3814901326589437670_n-320x427.jpg 320w, https:\/\/gcksirwegliniec.pl\/wp-content\/uploads\/2025\/09\/555462058_2562343784103948_3814901326589437670_n.jpg 1536w\" sizes=\"auto, (max-width: 768px) 100vw, 768px\" \/><\/figure>\n\n\n\n<figure class=\"wp-block-image size-large\"><img loading=\"lazy\" decoding=\"async\" width=\"884\" height=\"1024\" data-id=\"3216\" src=\"https:\/\/gcksirwegliniec.pl\/wp-content\/uploads\/2025\/09\/555883727_2562343677437292_3301331908816219187_n-884x1024.jpg\" alt=\"\" class=\"wp-image-3216\" srcset=\"https:\/\/gcksirwegliniec.pl\/wp-content\/uploads\/2025\/09\/555883727_2562343677437292_3301331908816219187_n-884x1024.jpg 884w, https:\/\/gcksirwegliniec.pl\/wp-content\/uploads\/2025\/09\/555883727_2562343677437292_3301331908816219187_n-600x695.jpg 600w, https:\/\/gcksirwegliniec.pl\/wp-content\/uploads\/2025\/09\/555883727_2562343677437292_3301331908816219187_n-259x300.jpg 259w, https:\/\/gcksirwegliniec.pl\/wp-content\/uploads\/2025\/09\/555883727_2562343677437292_3301331908816219187_n-768x890.jpg 768w, https:\/\/gcksirwegliniec.pl\/wp-content\/uploads\/2025\/09\/555883727_2562343677437292_3301331908816219187_n-1326x1536.jpg 1326w, https:\/\/gcksirwegliniec.pl\/wp-content\/uploads\/2025\/09\/555883727_2562343677437292_3301331908816219187_n-720x834.jpg 720w, https:\/\/gcksirwegliniec.pl\/wp-content\/uploads\/2025\/09\/555883727_2562343677437292_3301331908816219187_n-520x602.jpg 520w, https:\/\/gcksirwegliniec.pl\/wp-content\/uploads\/2025\/09\/555883727_2562343677437292_3301331908816219187_n-320x371.jpg 320w, https:\/\/gcksirwegliniec.pl\/wp-content\/uploads\/2025\/09\/555883727_2562343677437292_3301331908816219187_n.jpg 1768w\" sizes=\"auto, (max-width: 884px) 100vw, 884px\" \/><\/figure>\n\n\n\n<figure class=\"wp-block-image size-large\"><img loading=\"lazy\" decoding=\"async\" width=\"768\" height=\"1024\" data-id=\"3217\" src=\"https:\/\/gcksirwegliniec.pl\/wp-content\/uploads\/2025\/09\/557472665_2562344684103858_6645685622893143725_n-768x1024.jpg\" alt=\"\" class=\"wp-image-3217\" srcset=\"https:\/\/gcksirwegliniec.pl\/wp-content\/uploads\/2025\/09\/557472665_2562344684103858_6645685622893143725_n-768x1024.jpg 768w, https:\/\/gcksirwegliniec.pl\/wp-content\/uploads\/2025\/09\/557472665_2562344684103858_6645685622893143725_n-600x800.jpg 600w, https:\/\/gcksirwegliniec.pl\/wp-content\/uploads\/2025\/09\/557472665_2562344684103858_6645685622893143725_n-225x300.jpg 225w, https:\/\/gcksirwegliniec.pl\/wp-content\/uploads\/2025\/09\/557472665_2562344684103858_6645685622893143725_n-1152x1536.jpg 1152w, https:\/\/gcksirwegliniec.pl\/wp-content\/uploads\/2025\/09\/557472665_2562344684103858_6645685622893143725_n-720x960.jpg 720w, https:\/\/gcksirwegliniec.pl\/wp-content\/uploads\/2025\/09\/557472665_2562344684103858_6645685622893143725_n-520x693.jpg 520w, https:\/\/gcksirwegliniec.pl\/wp-content\/uploads\/2025\/09\/557472665_2562344684103858_6645685622893143725_n-320x427.jpg 320w, https:\/\/gcksirwegliniec.pl\/wp-content\/uploads\/2025\/09\/557472665_2562344684103858_6645685622893143725_n.jpg 1536w\" sizes=\"auto, (max-width: 768px) 100vw, 768px\" \/><\/figure>\n\n\n\n<figure class=\"wp-block-image size-large\"><img loading=\"lazy\" decoding=\"async\" width=\"768\" height=\"1024\" data-id=\"3218\" src=\"https:\/\/gcksirwegliniec.pl\/wp-content\/uploads\/2025\/09\/557473977_2562344407437219_755667020459418684_n-768x1024.jpg\" alt=\"\" class=\"wp-image-3218\" srcset=\"https:\/\/gcksirwegliniec.pl\/wp-content\/uploads\/2025\/09\/557473977_2562344407437219_755667020459418684_n-768x1024.jpg 768w, https:\/\/gcksirwegliniec.pl\/wp-content\/uploads\/2025\/09\/557473977_2562344407437219_755667020459418684_n-600x800.jpg 600w, https:\/\/gcksirwegliniec.pl\/wp-content\/uploads\/2025\/09\/557473977_2562344407437219_755667020459418684_n-225x300.jpg 225w, https:\/\/gcksirwegliniec.pl\/wp-content\/uploads\/2025\/09\/557473977_2562344407437219_755667020459418684_n-1152x1536.jpg 1152w, https:\/\/gcksirwegliniec.pl\/wp-content\/uploads\/2025\/09\/557473977_2562344407437219_755667020459418684_n-720x960.jpg 720w, https:\/\/gcksirwegliniec.pl\/wp-content\/uploads\/2025\/09\/557473977_2562344407437219_755667020459418684_n-520x693.jpg 520w, https:\/\/gcksirwegliniec.pl\/wp-content\/uploads\/2025\/09\/557473977_2562344407437219_755667020459418684_n-320x427.jpg 320w, https:\/\/gcksirwegliniec.pl\/wp-content\/uploads\/2025\/09\/557473977_2562344407437219_755667020459418684_n.jpg 1536w\" sizes=\"auto, (max-width: 768px) 100vw, 768px\" \/><\/figure>\n\n\n\n<figure class=\"wp-block-image size-large\"><img loading=\"lazy\" decoding=\"async\" width=\"768\" height=\"1024\" data-id=\"3215\" src=\"https:\/\/gcksirwegliniec.pl\/wp-content\/uploads\/2025\/09\/547254611_2562344267437233_4583816592186024025_n-768x1024.jpg\" alt=\"\" class=\"wp-image-3215\" srcset=\"https:\/\/gcksirwegliniec.pl\/wp-content\/uploads\/2025\/09\/547254611_2562344267437233_4583816592186024025_n-768x1024.jpg 768w, https:\/\/gcksirwegliniec.pl\/wp-content\/uploads\/2025\/09\/547254611_2562344267437233_4583816592186024025_n-600x800.jpg 600w, https:\/\/gcksirwegliniec.pl\/wp-content\/uploads\/2025\/09\/547254611_2562344267437233_4583816592186024025_n-225x300.jpg 225w, https:\/\/gcksirwegliniec.pl\/wp-content\/uploads\/2025\/09\/547254611_2562344267437233_4583816592186024025_n-1152x1536.jpg 1152w, https:\/\/gcksirwegliniec.pl\/wp-content\/uploads\/2025\/09\/547254611_2562344267437233_4583816592186024025_n-720x960.jpg 720w, https:\/\/gcksirwegliniec.pl\/wp-content\/uploads\/2025\/09\/547254611_2562344267437233_4583816592186024025_n-520x693.jpg 520w, https:\/\/gcksirwegliniec.pl\/wp-content\/uploads\/2025\/09\/547254611_2562344267437233_4583816592186024025_n-320x427.jpg 320w, https:\/\/gcksirwegliniec.pl\/wp-content\/uploads\/2025\/09\/547254611_2562344267437233_4583816592186024025_n.jpg 1536w\" sizes=\"auto, (max-width: 768px) 100vw, 768px\" \/><\/figure>\n\n\n\n<figure class=\"wp-block-image size-large\"><img loading=\"lazy\" decoding=\"async\" width=\"768\" height=\"1024\" data-id=\"3214\" src=\"https:\/\/gcksirwegliniec.pl\/wp-content\/uploads\/2025\/09\/557716868_2562344074103919_6594873618621452873_n-768x1024.jpg\" alt=\"\" class=\"wp-image-3214\" srcset=\"https:\/\/gcksirwegliniec.pl\/wp-content\/uploads\/2025\/09\/557716868_2562344074103919_6594873618621452873_n-768x1024.jpg 768w, https:\/\/gcksirwegliniec.pl\/wp-content\/uploads\/2025\/09\/557716868_2562344074103919_6594873618621452873_n-600x800.jpg 600w, https:\/\/gcksirwegliniec.pl\/wp-content\/uploads\/2025\/09\/557716868_2562344074103919_6594873618621452873_n-225x300.jpg 225w, https:\/\/gcksirwegliniec.pl\/wp-content\/uploads\/2025\/09\/557716868_2562344074103919_6594873618621452873_n-1152x1536.jpg 1152w, https:\/\/gcksirwegliniec.pl\/wp-content\/uploads\/2025\/09\/557716868_2562344074103919_6594873618621452873_n-720x960.jpg 720w, https:\/\/gcksirwegliniec.pl\/wp-content\/uploads\/2025\/09\/557716868_2562344074103919_6594873618621452873_n-520x693.jpg 520w, https:\/\/gcksirwegliniec.pl\/wp-content\/uploads\/2025\/09\/557716868_2562344074103919_6594873618621452873_n-320x427.jpg 320w, https:\/\/gcksirwegliniec.pl\/wp-content\/uploads\/2025\/09\/557716868_2562344074103919_6594873618621452873_n.jpg 1536w\" sizes=\"auto, (max-width: 768px) 100vw, 768px\" \/><\/figure>\n<\/figure>\n\n\n\n<div style=\"height:15px\" aria-hidden=\"true\" class=\"wp-block-spacer\"><\/div>\n\n\n<div class=\"wp-block-image\">\n<figure class=\"aligncenter size-full is-resized\"><img loading=\"lazy\" decoding=\"async\" width=\"720\" height=\"960\" src=\"https:\/\/gcksirwegliniec.pl\/wp-content\/uploads\/2025\/09\/556157225_2562342897437370_5662598990681616249_n.jpg\" alt=\"\" class=\"wp-image-3209\" style=\"width:532px;height:auto\" srcset=\"https:\/\/gcksirwegliniec.pl\/wp-content\/uploads\/2025\/09\/556157225_2562342897437370_5662598990681616249_n.jpg 720w, https:\/\/gcksirwegliniec.pl\/wp-content\/uploads\/2025\/09\/556157225_2562342897437370_5662598990681616249_n-600x800.jpg 600w, https:\/\/gcksirwegliniec.pl\/wp-content\/uploads\/2025\/09\/556157225_2562342897437370_5662598990681616249_n-225x300.jpg 225w, https:\/\/gcksirwegliniec.pl\/wp-content\/uploads\/2025\/09\/556157225_2562342897437370_5662598990681616249_n-520x693.jpg 520w, https:\/\/gcksirwegliniec.pl\/wp-content\/uploads\/2025\/09\/556157225_2562342897437370_5662598990681616249_n-320x427.jpg 320w\" sizes=\"auto, (max-width: 720px) 100vw, 720px\" \/><\/figure>\n<\/div>","protected":false},"excerpt":{"rendered":"<p>Dnia 30.09.2025 r. w niemieckiej RABRYCE w G\u00f6rlitz odby\u0142a si\u0119 konferencja \u201eKultura dla wszystkich! Realizacja&#46;&#46;&#46;<\/p>\n","protected":false},"author":1,"featured_media":3211,"comment_status":"open","ping_status":"open","sticky":false,"template":"","format":"standard","meta":{"_eb_attr":"","_crdt_document":"","_uag_custom_page_level_css":"","_jetpack_memberships_contains_paid_content":false,"footnotes":""},"categories":[1],"tags":[],"class_list":["post-3208","post","type-post","status-publish","format-standard","has-post-thumbnail","hentry","category-relacja"],"yoast_head":"<!-- This site is optimized with the Yoast SEO plugin v26.9 - https:\/\/yoast.com\/product\/yoast-seo-wordpress\/ -->\n<title>Relacja z udzia\u0142u w konferencji \u201eKultura dla wszystkich! Realizacja transgranicznego dost\u0119pu do kultury\u201d - GCKSiR W\u0119gliniec<\/title>\n<meta name=\"robots\" content=\"index, follow, max-snippet:-1, max-image-preview:large, max-video-preview:-1\" \/>\n<link rel=\"canonical\" href=\"https:\/\/gcksirwegliniec.pl\/?p=3208\" \/>\n<meta property=\"og:locale\" content=\"pl_PL\" \/>\n<meta property=\"og:type\" content=\"article\" \/>\n<meta property=\"og:title\" content=\"Relacja z udzia\u0142u w konferencji \u201eKultura dla wszystkich! Realizacja transgranicznego dost\u0119pu do kultury\u201d - GCKSiR W\u0119gliniec\" \/>\n<meta property=\"og:description\" content=\"Dnia 30.09.2025 r. w niemieckiej RABRYCE w G\u00f6rlitz odby\u0142a si\u0119 konferencja \u201eKultura dla wszystkich! Realizacja&#046;&#046;&#046;\" \/>\n<meta property=\"og:url\" content=\"https:\/\/gcksirwegliniec.pl\/?p=3208\" \/>\n<meta property=\"og:site_name\" content=\"GCKSiR W\u0119gliniec\" \/>\n<meta property=\"article:published_time\" content=\"2025-09-30T19:24:39+00:00\" \/>\n<meta property=\"article:modified_time\" content=\"2025-09-30T19:24:40+00:00\" \/>\n<meta property=\"og:image\" content=\"https:\/\/gcksirwegliniec.pl\/wp-content\/uploads\/2025\/09\/555971382_2562343097437350_1828497945536581830_n.jpg\" \/>\n\t<meta property=\"og:image:width\" content=\"2048\" \/>\n\t<meta property=\"og:image:height\" content=\"1536\" \/>\n\t<meta property=\"og:image:type\" content=\"image\/jpeg\" \/>\n<meta name=\"author\" content=\"admin\" \/>\n<meta name=\"twitter:card\" content=\"summary_large_image\" \/>\n<meta name=\"twitter:label1\" content=\"Napisane przez\" \/>\n\t<meta name=\"twitter:data1\" content=\"admin\" \/>\n\t<meta name=\"twitter:label2\" content=\"Szacowany czas czytania\" \/>\n\t<meta name=\"twitter:data2\" content=\"4 minuty\" \/>\n<script type=\"application\/ld+json\" class=\"yoast-schema-graph\">{\"@context\":\"https:\/\/schema.org\",\"@graph\":[{\"@type\":\"Article\",\"@id\":\"https:\/\/gcksirwegliniec.pl\/?p=3208#article\",\"isPartOf\":{\"@id\":\"https:\/\/gcksirwegliniec.pl\/?p=3208\"},\"author\":{\"name\":\"admin\",\"@id\":\"https:\/\/gcksirwegliniec.pl\/#\/schema\/person\/fabde4b0af16fcbecf71d410bc4fb681\"},\"headline\":\"Relacja z udzia\u0142u w konferencji \u201eKultura dla wszystkich! Realizacja transgranicznego dost\u0119pu do kultury\u201d\",\"datePublished\":\"2025-09-30T19:24:39+00:00\",\"dateModified\":\"2025-09-30T19:24:40+00:00\",\"mainEntityOfPage\":{\"@id\":\"https:\/\/gcksirwegliniec.pl\/?p=3208\"},\"wordCount\":261,\"commentCount\":0,\"publisher\":{\"@id\":\"https:\/\/gcksirwegliniec.pl\/#organization\"},\"image\":{\"@id\":\"https:\/\/gcksirwegliniec.pl\/?p=3208#primaryimage\"},\"thumbnailUrl\":\"https:\/\/gcksirwegliniec.pl\/wp-content\/uploads\/2025\/09\/555971382_2562343097437350_1828497945536581830_n.jpg\",\"articleSection\":[\"Relacja\"],\"inLanguage\":\"pl-PL\",\"potentialAction\":[{\"@type\":\"CommentAction\",\"name\":\"Comment\",\"target\":[\"https:\/\/gcksirwegliniec.pl\/?p=3208#respond\"]}]},{\"@type\":\"WebPage\",\"@id\":\"https:\/\/gcksirwegliniec.pl\/?p=3208\",\"url\":\"https:\/\/gcksirwegliniec.pl\/?p=3208\",\"name\":\"Relacja z udzia\u0142u w konferencji \u201eKultura dla wszystkich! Realizacja transgranicznego dost\u0119pu do kultury\u201d - GCKSiR W\u0119gliniec\",\"isPartOf\":{\"@id\":\"https:\/\/gcksirwegliniec.pl\/#website\"},\"primaryImageOfPage\":{\"@id\":\"https:\/\/gcksirwegliniec.pl\/?p=3208#primaryimage\"},\"image\":{\"@id\":\"https:\/\/gcksirwegliniec.pl\/?p=3208#primaryimage\"},\"thumbnailUrl\":\"https:\/\/gcksirwegliniec.pl\/wp-content\/uploads\/2025\/09\/555971382_2562343097437350_1828497945536581830_n.jpg\",\"datePublished\":\"2025-09-30T19:24:39+00:00\",\"dateModified\":\"2025-09-30T19:24:40+00:00\",\"breadcrumb\":{\"@id\":\"https:\/\/gcksirwegliniec.pl\/?p=3208#breadcrumb\"},\"inLanguage\":\"pl-PL\",\"potentialAction\":[{\"@type\":\"ReadAction\",\"target\":[\"https:\/\/gcksirwegliniec.pl\/?p=3208\"]}]},{\"@type\":\"ImageObject\",\"inLanguage\":\"pl-PL\",\"@id\":\"https:\/\/gcksirwegliniec.pl\/?p=3208#primaryimage\",\"url\":\"https:\/\/gcksirwegliniec.pl\/wp-content\/uploads\/2025\/09\/555971382_2562343097437350_1828497945536581830_n.jpg\",\"contentUrl\":\"https:\/\/gcksirwegliniec.pl\/wp-content\/uploads\/2025\/09\/555971382_2562343097437350_1828497945536581830_n.jpg\",\"width\":2048,\"height\":1536,\"caption\":\"Konferencja\"},{\"@type\":\"BreadcrumbList\",\"@id\":\"https:\/\/gcksirwegliniec.pl\/?p=3208#breadcrumb\",\"itemListElement\":[{\"@type\":\"ListItem\",\"position\":1,\"name\":\"Home\",\"item\":\"https:\/\/gcksirwegliniec.pl\/\"},{\"@type\":\"ListItem\",\"position\":2,\"name\":\"Relacja z udzia\u0142u w konferencji \u201eKultura dla wszystkich! Realizacja transgranicznego dost\u0119pu do kultury\u201d\"}]},{\"@type\":\"WebSite\",\"@id\":\"https:\/\/gcksirwegliniec.pl\/#website\",\"url\":\"https:\/\/gcksirwegliniec.pl\/\",\"name\":\"GCKSiR W\u0119gliniec\",\"description\":\"\",\"publisher\":{\"@id\":\"https:\/\/gcksirwegliniec.pl\/#organization\"},\"potentialAction\":[{\"@type\":\"SearchAction\",\"target\":{\"@type\":\"EntryPoint\",\"urlTemplate\":\"https:\/\/gcksirwegliniec.pl\/?s={search_term_string}\"},\"query-input\":{\"@type\":\"PropertyValueSpecification\",\"valueRequired\":true,\"valueName\":\"search_term_string\"}}],\"inLanguage\":\"pl-PL\"},{\"@type\":\"Organization\",\"@id\":\"https:\/\/gcksirwegliniec.pl\/#organization\",\"name\":\"GCKSiR W\u0119gliniec\",\"url\":\"https:\/\/gcksirwegliniec.pl\/\",\"logo\":{\"@type\":\"ImageObject\",\"inLanguage\":\"pl-PL\",\"@id\":\"https:\/\/gcksirwegliniec.pl\/#\/schema\/logo\/image\/\",\"url\":\"https:\/\/gcksirwegliniec.pl\/wp-content\/uploads\/2025\/08\/cropped-A790B771-B708-480A-B996-7A8B9BB2ABCE.jpeg\",\"contentUrl\":\"https:\/\/gcksirwegliniec.pl\/wp-content\/uploads\/2025\/08\/cropped-A790B771-B708-480A-B996-7A8B9BB2ABCE.jpeg\",\"width\":689,\"height\":435,\"caption\":\"GCKSiR W\u0119gliniec\"},\"image\":{\"@id\":\"https:\/\/gcksirwegliniec.pl\/#\/schema\/logo\/image\/\"}},{\"@type\":\"Person\",\"@id\":\"https:\/\/gcksirwegliniec.pl\/#\/schema\/person\/fabde4b0af16fcbecf71d410bc4fb681\",\"name\":\"admin\",\"image\":{\"@type\":\"ImageObject\",\"inLanguage\":\"pl-PL\",\"@id\":\"https:\/\/gcksirwegliniec.pl\/#\/schema\/person\/image\/\",\"url\":\"https:\/\/secure.gravatar.com\/avatar\/548e407bfa377e5c0a3956ad929b032fb581c740b209e04c2371b3d6d80514d5?s=96&d=mm&r=g\",\"contentUrl\":\"https:\/\/secure.gravatar.com\/avatar\/548e407bfa377e5c0a3956ad929b032fb581c740b209e04c2371b3d6d80514d5?s=96&d=mm&r=g\",\"caption\":\"admin\"},\"sameAs\":[\"http:\/\/strona.gcksirwegliniec.pl\"],\"url\":\"https:\/\/gcksirwegliniec.pl\/?author=1\"}]}<\/script>\n<!-- \/ Yoast SEO plugin. -->","yoast_head_json":{"title":"Relacja z udzia\u0142u w konferencji \u201eKultura dla wszystkich! Realizacja transgranicznego dost\u0119pu do kultury\u201d - GCKSiR W\u0119gliniec","robots":{"index":"index","follow":"follow","max-snippet":"max-snippet:-1","max-image-preview":"max-image-preview:large","max-video-preview":"max-video-preview:-1"},"canonical":"https:\/\/gcksirwegliniec.pl\/?p=3208","og_locale":"pl_PL","og_type":"article","og_title":"Relacja z udzia\u0142u w konferencji \u201eKultura dla wszystkich! Realizacja transgranicznego dost\u0119pu do kultury\u201d - GCKSiR W\u0119gliniec","og_description":"Dnia 30.09.2025 r. w niemieckiej RABRYCE w G\u00f6rlitz odby\u0142a si\u0119 konferencja \u201eKultura dla wszystkich! Realizacja&#46;&#46;&#46;","og_url":"https:\/\/gcksirwegliniec.pl\/?p=3208","og_site_name":"GCKSiR W\u0119gliniec","article_published_time":"2025-09-30T19:24:39+00:00","article_modified_time":"2025-09-30T19:24:40+00:00","og_image":[{"width":2048,"height":1536,"url":"https:\/\/gcksirwegliniec.pl\/wp-content\/uploads\/2025\/09\/555971382_2562343097437350_1828497945536581830_n.jpg","type":"image\/jpeg"}],"author":"admin","twitter_card":"summary_large_image","twitter_misc":{"Napisane przez":"admin","Szacowany czas czytania":"4 minuty"},"schema":{"@context":"https:\/\/schema.org","@graph":[{"@type":"Article","@id":"https:\/\/gcksirwegliniec.pl\/?p=3208#article","isPartOf":{"@id":"https:\/\/gcksirwegliniec.pl\/?p=3208"},"author":{"name":"admin","@id":"https:\/\/gcksirwegliniec.pl\/#\/schema\/person\/fabde4b0af16fcbecf71d410bc4fb681"},"headline":"Relacja z udzia\u0142u w konferencji \u201eKultura dla wszystkich! Realizacja transgranicznego dost\u0119pu do kultury\u201d","datePublished":"2025-09-30T19:24:39+00:00","dateModified":"2025-09-30T19:24:40+00:00","mainEntityOfPage":{"@id":"https:\/\/gcksirwegliniec.pl\/?p=3208"},"wordCount":261,"commentCount":0,"publisher":{"@id":"https:\/\/gcksirwegliniec.pl\/#organization"},"image":{"@id":"https:\/\/gcksirwegliniec.pl\/?p=3208#primaryimage"},"thumbnailUrl":"https:\/\/gcksirwegliniec.pl\/wp-content\/uploads\/2025\/09\/555971382_2562343097437350_1828497945536581830_n.jpg","articleSection":["Relacja"],"inLanguage":"pl-PL","potentialAction":[{"@type":"CommentAction","name":"Comment","target":["https:\/\/gcksirwegliniec.pl\/?p=3208#respond"]}]},{"@type":"WebPage","@id":"https:\/\/gcksirwegliniec.pl\/?p=3208","url":"https:\/\/gcksirwegliniec.pl\/?p=3208","name":"Relacja z udzia\u0142u w konferencji \u201eKultura dla wszystkich! Realizacja transgranicznego dost\u0119pu do kultury\u201d - GCKSiR W\u0119gliniec","isPartOf":{"@id":"https:\/\/gcksirwegliniec.pl\/#website"},"primaryImageOfPage":{"@id":"https:\/\/gcksirwegliniec.pl\/?p=3208#primaryimage"},"image":{"@id":"https:\/\/gcksirwegliniec.pl\/?p=3208#primaryimage"},"thumbnailUrl":"https:\/\/gcksirwegliniec.pl\/wp-content\/uploads\/2025\/09\/555971382_2562343097437350_1828497945536581830_n.jpg","datePublished":"2025-09-30T19:24:39+00:00","dateModified":"2025-09-30T19:24:40+00:00","breadcrumb":{"@id":"https:\/\/gcksirwegliniec.pl\/?p=3208#breadcrumb"},"inLanguage":"pl-PL","potentialAction":[{"@type":"ReadAction","target":["https:\/\/gcksirwegliniec.pl\/?p=3208"]}]},{"@type":"ImageObject","inLanguage":"pl-PL","@id":"https:\/\/gcksirwegliniec.pl\/?p=3208#primaryimage","url":"https:\/\/gcksirwegliniec.pl\/wp-content\/uploads\/2025\/09\/555971382_2562343097437350_1828497945536581830_n.jpg","contentUrl":"https:\/\/gcksirwegliniec.pl\/wp-content\/uploads\/2025\/09\/555971382_2562343097437350_1828497945536581830_n.jpg","width":2048,"height":1536,"caption":"Konferencja"},{"@type":"BreadcrumbList","@id":"https:\/\/gcksirwegliniec.pl\/?p=3208#breadcrumb","itemListElement":[{"@type":"ListItem","position":1,"name":"Home","item":"https:\/\/gcksirwegliniec.pl\/"},{"@type":"ListItem","position":2,"name":"Relacja z udzia\u0142u w konferencji \u201eKultura dla wszystkich! Realizacja transgranicznego dost\u0119pu do kultury\u201d"}]},{"@type":"WebSite","@id":"https:\/\/gcksirwegliniec.pl\/#website","url":"https:\/\/gcksirwegliniec.pl\/","name":"GCKSiR W\u0119gliniec","description":"","publisher":{"@id":"https:\/\/gcksirwegliniec.pl\/#organization"},"potentialAction":[{"@type":"SearchAction","target":{"@type":"EntryPoint","urlTemplate":"https:\/\/gcksirwegliniec.pl\/?s={search_term_string}"},"query-input":{"@type":"PropertyValueSpecification","valueRequired":true,"valueName":"search_term_string"}}],"inLanguage":"pl-PL"},{"@type":"Organization","@id":"https:\/\/gcksirwegliniec.pl\/#organization","name":"GCKSiR W\u0119gliniec","url":"https:\/\/gcksirwegliniec.pl\/","logo":{"@type":"ImageObject","inLanguage":"pl-PL","@id":"https:\/\/gcksirwegliniec.pl\/#\/schema\/logo\/image\/","url":"https:\/\/gcksirwegliniec.pl\/wp-content\/uploads\/2025\/08\/cropped-A790B771-B708-480A-B996-7A8B9BB2ABCE.jpeg","contentUrl":"https:\/\/gcksirwegliniec.pl\/wp-content\/uploads\/2025\/08\/cropped-A790B771-B708-480A-B996-7A8B9BB2ABCE.jpeg","width":689,"height":435,"caption":"GCKSiR W\u0119gliniec"},"image":{"@id":"https:\/\/gcksirwegliniec.pl\/#\/schema\/logo\/image\/"}},{"@type":"Person","@id":"https:\/\/gcksirwegliniec.pl\/#\/schema\/person\/fabde4b0af16fcbecf71d410bc4fb681","name":"admin","image":{"@type":"ImageObject","inLanguage":"pl-PL","@id":"https:\/\/gcksirwegliniec.pl\/#\/schema\/person\/image\/","url":"https:\/\/secure.gravatar.com\/avatar\/548e407bfa377e5c0a3956ad929b032fb581c740b209e04c2371b3d6d80514d5?s=96&d=mm&r=g","contentUrl":"https:\/\/secure.gravatar.com\/avatar\/548e407bfa377e5c0a3956ad929b032fb581c740b209e04c2371b3d6d80514d5?s=96&d=mm&r=g","caption":"admin"},"sameAs":["http:\/\/strona.gcksirwegliniec.pl"],"url":"https:\/\/gcksirwegliniec.pl\/?author=1"}]}},"jetpack_featured_media_url":"https:\/\/gcksirwegliniec.pl\/wp-content\/uploads\/2025\/09\/555971382_2562343097437350_1828497945536581830_n.jpg","uagb_featured_image_src":{"full":["https:\/\/gcksirwegliniec.pl\/wp-content\/uploads\/2025\/09\/555971382_2562343097437350_1828497945536581830_n.jpg",2048,1536,false],"thumbnail":["https:\/\/gcksirwegliniec.pl\/wp-content\/uploads\/2025\/09\/555971382_2562343097437350_1828497945536581830_n-150x150.jpg",150,150,true],"medium":["https:\/\/gcksirwegliniec.pl\/wp-content\/uploads\/2025\/09\/555971382_2562343097437350_1828497945536581830_n-300x225.jpg",300,225,true],"medium_large":["https:\/\/gcksirwegliniec.pl\/wp-content\/uploads\/2025\/09\/555971382_2562343097437350_1828497945536581830_n-768x576.jpg",768,576,true],"large":["https:\/\/gcksirwegliniec.pl\/wp-content\/uploads\/2025\/09\/555971382_2562343097437350_1828497945536581830_n-1024x768.jpg",1024,768,true],"1536x1536":["https:\/\/gcksirwegliniec.pl\/wp-content\/uploads\/2025\/09\/555971382_2562343097437350_1828497945536581830_n-1536x1152.jpg",1536,1152,true],"2048x2048":["https:\/\/gcksirwegliniec.pl\/wp-content\/uploads\/2025\/09\/555971382_2562343097437350_1828497945536581830_n.jpg",2048,1536,false],"thumb-small":["https:\/\/gcksirwegliniec.pl\/wp-content\/uploads\/2025\/09\/555971382_2562343097437350_1828497945536581830_n-80x80.jpg",80,80,true],"thumb-standard":["https:\/\/gcksirwegliniec.pl\/wp-content\/uploads\/2025\/09\/555971382_2562343097437350_1828497945536581830_n-320x320.jpg",320,320,true],"thumb-medium":["https:\/\/gcksirwegliniec.pl\/wp-content\/uploads\/2025\/09\/555971382_2562343097437350_1828497945536581830_n-520x245.jpg",520,245,true],"thumb-large":["https:\/\/gcksirwegliniec.pl\/wp-content\/uploads\/2025\/09\/555971382_2562343097437350_1828497945536581830_n-720x340.jpg",720,340,true],"thumb-xlarge":["https:\/\/gcksirwegliniec.pl\/wp-content\/uploads\/2025\/09\/555971382_2562343097437350_1828497945536581830_n-980x450.jpg",980,450,true],"thumb-xxlarge":["https:\/\/gcksirwegliniec.pl\/wp-content\/uploads\/2025\/09\/555971382_2562343097437350_1828497945536581830_n-1320x500.jpg",1320,500,true],"thumb-large-no-crop":["https:\/\/gcksirwegliniec.pl\/wp-content\/uploads\/2025\/09\/555971382_2562343097437350_1828497945536581830_n-720x540.jpg",720,540,true],"thumb-medium-no-crop":["https:\/\/gcksirwegliniec.pl\/wp-content\/uploads\/2025\/09\/555971382_2562343097437350_1828497945536581830_n-520x390.jpg",520,390,true],"thumb-standard-no-crop":["https:\/\/gcksirwegliniec.pl\/wp-content\/uploads\/2025\/09\/555971382_2562343097437350_1828497945536581830_n-320x240.jpg",320,240,true],"mailpoet_newsletter_max":["https:\/\/gcksirwegliniec.pl\/wp-content\/uploads\/2025\/09\/555971382_2562343097437350_1828497945536581830_n.jpg",1320,990,false],"woocommerce_thumbnail":["https:\/\/gcksirwegliniec.pl\/wp-content\/uploads\/2025\/09\/555971382_2562343097437350_1828497945536581830_n-300x300.jpg",300,300,true],"woocommerce_single":["https:\/\/gcksirwegliniec.pl\/wp-content\/uploads\/2025\/09\/555971382_2562343097437350_1828497945536581830_n-600x450.jpg",600,450,true],"woocommerce_gallery_thumbnail":["https:\/\/gcksirwegliniec.pl\/wp-content\/uploads\/2025\/09\/555971382_2562343097437350_1828497945536581830_n-100x100.jpg",100,100,true]},"uagb_author_info":{"display_name":"admin","author_link":"https:\/\/gcksirwegliniec.pl\/?author=1"},"uagb_comment_info":0,"uagb_excerpt":"Dnia 30.09.2025 r. w niemieckiej RABRYCE w G\u00f6rlitz odby\u0142a si\u0119 konferencja \u201eKultura dla wszystkich! Realizacja&#46;&#46;&#46;","jetpack_sharing_enabled":true,"_links":{"self":[{"href":"https:\/\/gcksirwegliniec.pl\/index.php?rest_route=\/wp\/v2\/posts\/3208","targetHints":{"allow":["GET"]}}],"collection":[{"href":"https:\/\/gcksirwegliniec.pl\/index.php?rest_route=\/wp\/v2\/posts"}],"about":[{"href":"https:\/\/gcksirwegliniec.pl\/index.php?rest_route=\/wp\/v2\/types\/post"}],"author":[{"embeddable":true,"href":"https:\/\/gcksirwegliniec.pl\/index.php?rest_route=\/wp\/v2\/users\/1"}],"replies":[{"embeddable":true,"href":"https:\/\/gcksirwegliniec.pl\/index.php?rest_route=%2Fwp%2Fv2%2Fcomments&post=3208"}],"version-history":[{"count":1,"href":"https:\/\/gcksirwegliniec.pl\/index.php?rest_route=\/wp\/v2\/posts\/3208\/revisions"}],"predecessor-version":[{"id":3219,"href":"https:\/\/gcksirwegliniec.pl\/index.php?rest_route=\/wp\/v2\/posts\/3208\/revisions\/3219"}],"wp:featuredmedia":[{"embeddable":true,"href":"https:\/\/gcksirwegliniec.pl\/index.php?rest_route=\/wp\/v2\/media\/3211"}],"wp:attachment":[{"href":"https:\/\/gcksirwegliniec.pl\/index.php?rest_route=%2Fwp%2Fv2%2Fmedia&parent=3208"}],"wp:term":[{"taxonomy":"category","embeddable":true,"href":"https:\/\/gcksirwegliniec.pl\/index.php?rest_route=%2Fwp%2Fv2%2Fcategories&post=3208"},{"taxonomy":"post_tag","embeddable":true,"href":"https:\/\/gcksirwegliniec.pl\/index.php?rest_route=%2Fwp%2Fv2%2Ftags&post=3208"}],"curies":[{"name":"wp","href":"https:\/\/api.w.org\/{rel}","templated":true}]}}