{"id":2600,"date":"2025-08-20T11:43:25","date_gmt":"2025-08-20T09:43:25","guid":{"rendered":"http:\/\/strona.gcksirwegliniec.pl\/?p=2600"},"modified":"2025-08-23T15:41:07","modified_gmt":"2025-08-23T13:41:07","slug":"kabaret-paranienormalni-na-swiecie-grzybow","status":"publish","type":"post","link":"https:\/\/gcksirwegliniec.pl\/?p=2600","title":{"rendered":"Kabaret Paranienormalni na \u015awi\u0119cie Grzyb\u00f3w!"},"content":{"rendered":"\n<div style=\"height:19px\" aria-hidden=\"true\" class=\"wp-block-spacer\"><\/div>\n\n\n\n<p class=\"wp-block-paragraph\">Zaczynamy publikacj\u0119 zapowiedzi gwiazd, kt\u00f3re b\u0119dziemy go\u015bci\u0107 na XXVII edycji \u015awi\u0119ta Grzyb\u00f3w w W\u0119gli\u0144cu. <\/p>\n\n\n\n<p class=\"wp-block-paragraph\"><img loading=\"lazy\" decoding=\"async\" height=\"16\" width=\"16\" alt=\"\ud83d\udd25\" src=\"https:\/\/static.xx.fbcdn.net\/images\/emoji.php\/v9\/tef\/2\/16\/1f525.png\"> KABARET P<a><\/a>ARANIENORMALNI <img loading=\"lazy\" decoding=\"async\" height=\"16\" width=\"16\" alt=\"\ud83d\udd25\" src=\"https:\/\/static.xx.fbcdn.net\/images\/emoji.php\/v9\/tef\/2\/16\/1f525.png\"><\/p>\n\n\n\n<p class=\"wp-block-paragraph\"><img loading=\"lazy\" decoding=\"async\" height=\"16\" width=\"16\" alt=\"\ud83d\udd38\ufe0f\" src=\"https:\/\/static.xx.fbcdn.net\/images\/emoji.php\/v9\/t11\/2\/16\/1f538.png\"> Gwarancja otrzymania sporej dawki dobrego humoru <img loading=\"lazy\" decoding=\"async\" height=\"16\" width=\"16\" alt=\"\ud83d\ude43\" src=\"https:\/\/static.xx.fbcdn.net\/images\/emoji.php\/v9\/t6c\/2\/16\/1f643.png\"><img loading=\"lazy\" decoding=\"async\" height=\"16\" width=\"16\" alt=\"\ud83d\ude0a\" src=\"https:\/\/static.xx.fbcdn.net\/images\/emoji.php\/v9\/t1e\/2\/16\/1f60a.png\"><\/p>\n\n\n\n<p class=\"wp-block-paragraph\"><img loading=\"lazy\" decoding=\"async\" height=\"16\" width=\"16\" alt=\"\ud83d\udcc5\" src=\"https:\/\/static.xx.fbcdn.net\/images\/emoji.php\/v9\/t1d\/2\/16\/1f4c5.png\"> Wyst\u0119p 14.09.2025 r. godz. 17:00<\/p>\n\n\n\n<p class=\"wp-block-paragraph\">\u2606\u25aa\ufe0e\u2606\u25aa\ufe0e\u2606\u25aa\ufe0e\u2606\u25aa\ufe0e\u2606\u25aa\ufe0e\u2606\u25aa\ufe0e\u2606 \u25aa\ufe0e\u2606\u25aa\ufe0e\u2606\u25aa\ufe0e\u2606<\/p>\n\n\n\n<p class=\"wp-block-paragraph\">Paranienormalni pojawili si\u0119 na scenie kabaretowej w 2004 roku. Rocznie grywaj\u0105 200 koncert\u00f3w nie tylko w Polsce, ale w Anglii, Szkocji, Irlandii, Francji, Holandii i Belgii.<\/p>\n\n\n\n<p class=\"wp-block-paragraph\">Paranienormalni obserwuj\u0105 zjawiska obyczajowe i spo\u0142eczne, fenomeny popkultury i przyrod\u0119. Relacje damsko-m\u0119skie, absurdalne postacie i sytuacje z \u017cycia codziennego to tematy, kt\u00f3re pojawiaj\u0105 si\u0119 w ich \u017cartach.<\/p>\n\n\n\n<p class=\"wp-block-paragraph\">Paranienormalni regularnie zapraszani s\u0105 na najwi\u0119ksze festiwale muzyczne i rozrywkowe.<\/p>\n\n\n\n<p class=\"wp-block-paragraph\"><img loading=\"lazy\" decoding=\"async\" height=\"16\" width=\"16\" alt=\"\ud83d\udd0a\" src=\"https:\/\/static.xx.fbcdn.net\/images\/emoji.php\/v9\/tdd\/2\/16\/1f50a.png\"> 14 wrze\u015bnia przyjad\u0105 do W\u0119gli\u0144ca <img loading=\"lazy\" decoding=\"async\" height=\"16\" width=\"16\" alt=\"\ud83d\ude0d\" src=\"https:\/\/static.xx.fbcdn.net\/images\/emoji.php\/v9\/ta1\/2\/16\/1f60d.png\"><img loading=\"lazy\" decoding=\"async\" height=\"16\" width=\"16\" alt=\"\ud83e\udd73\" src=\"https:\/\/static.xx.fbcdn.net\/images\/emoji.php\/v9\/tc\/2\/16\/1f973.png\"><img loading=\"lazy\" decoding=\"async\" height=\"16\" width=\"16\" alt=\"\ud83c\udfa4\" src=\"https:\/\/static.xx.fbcdn.net\/images\/emoji.php\/v9\/t1d\/2\/16\/1f3a4.png\"><\/p>\n\n\n\n<p class=\"wp-block-paragraph\">ZAPRASZAMY <img loading=\"lazy\" decoding=\"async\" height=\"16\" width=\"16\" alt=\"\ud83d\ude42\" src=\"https:\/\/static.xx.fbcdn.net\/images\/emoji.php\/v9\/teb\/2\/16\/1f642.png\"><img loading=\"lazy\" decoding=\"async\" height=\"16\" width=\"16\" alt=\"\ud83d\ude43\" src=\"https:\/\/static.xx.fbcdn.net\/images\/emoji.php\/v9\/t6c\/2\/16\/1f643.png\"><\/p>\n\n\n\n<figure class=\"wp-block-image size-full\"><img loading=\"lazy\" decoding=\"async\" width=\"940\" height=\"788\" src=\"http:\/\/strona.gcksirwegliniec.pl\/wp-content\/uploads\/2025\/08\/5B0C5527-0726-442A-80E6-5AB0403D9187.jpeg\" alt=\"\" class=\"wp-image-2601\" srcset=\"https:\/\/gcksirwegliniec.pl\/wp-content\/uploads\/2025\/08\/5B0C5527-0726-442A-80E6-5AB0403D9187.jpeg 940w, https:\/\/gcksirwegliniec.pl\/wp-content\/uploads\/2025\/08\/5B0C5527-0726-442A-80E6-5AB0403D9187-600x503.jpeg 600w, https:\/\/gcksirwegliniec.pl\/wp-content\/uploads\/2025\/08\/5B0C5527-0726-442A-80E6-5AB0403D9187-300x251.jpeg 300w, https:\/\/gcksirwegliniec.pl\/wp-content\/uploads\/2025\/08\/5B0C5527-0726-442A-80E6-5AB0403D9187-768x644.jpeg 768w, https:\/\/gcksirwegliniec.pl\/wp-content\/uploads\/2025\/08\/5B0C5527-0726-442A-80E6-5AB0403D9187-720x604.jpeg 720w, https:\/\/gcksirwegliniec.pl\/wp-content\/uploads\/2025\/08\/5B0C5527-0726-442A-80E6-5AB0403D9187-520x436.jpeg 520w, https:\/\/gcksirwegliniec.pl\/wp-content\/uploads\/2025\/08\/5B0C5527-0726-442A-80E6-5AB0403D9187-320x268.jpeg 320w\" sizes=\"auto, (max-width: 940px) 100vw, 940px\" \/><\/figure>\n","protected":false},"excerpt":{"rendered":"<p>Zaczynamy publikacj\u0119 zapowiedzi gwiazd, kt\u00f3re b\u0119dziemy go\u015bci\u0107 na XXVII edycji \u015awi\u0119ta Grzyb\u00f3w w W\u0119gli\u0144cu. KABARET&#46;&#46;&#46;<\/p>\n","protected":false},"author":1,"featured_media":2608,"comment_status":"open","ping_status":"open","sticky":false,"template":"","format":"standard","meta":{"_eb_attr":"","_crdt_document":"","_uag_custom_page_level_css":"","_jetpack_memberships_contains_paid_content":false,"footnotes":""},"categories":[5],"tags":[],"class_list":["post-2600","post","type-post","status-publish","format-standard","has-post-thumbnail","hentry","category-zapowiedz"],"yoast_head":"<!-- This site is optimized with the Yoast SEO plugin v26.9 - https:\/\/yoast.com\/product\/yoast-seo-wordpress\/ -->\n<title>Kabaret Paranienormalni na \u015awi\u0119cie Grzyb\u00f3w! - GCKSiR W\u0119gliniec<\/title>\n<meta name=\"robots\" content=\"index, follow, max-snippet:-1, max-image-preview:large, max-video-preview:-1\" \/>\n<link rel=\"canonical\" href=\"https:\/\/gcksirwegliniec.pl\/?p=2600\" \/>\n<meta property=\"og:locale\" content=\"pl_PL\" \/>\n<meta property=\"og:type\" content=\"article\" \/>\n<meta property=\"og:title\" content=\"Kabaret Paranienormalni na \u015awi\u0119cie Grzyb\u00f3w! - GCKSiR W\u0119gliniec\" \/>\n<meta property=\"og:description\" content=\"Zaczynamy publikacj\u0119 zapowiedzi gwiazd, kt\u00f3re b\u0119dziemy go\u015bci\u0107 na XXVII edycji \u015awi\u0119ta Grzyb\u00f3w w W\u0119gli\u0144cu. KABARET&#046;&#046;&#046;\" \/>\n<meta property=\"og:url\" content=\"https:\/\/gcksirwegliniec.pl\/?p=2600\" \/>\n<meta property=\"og:site_name\" content=\"GCKSiR W\u0119gliniec\" \/>\n<meta property=\"article:published_time\" content=\"2025-08-20T09:43:25+00:00\" \/>\n<meta property=\"article:modified_time\" content=\"2025-08-23T13:41:07+00:00\" \/>\n<meta property=\"og:image\" content=\"https:\/\/gcksirwegliniec.pl\/wp-content\/uploads\/2025\/08\/1B3E488A-B720-43FD-B348-21B0FAAB5127_4_5005_c.jpeg\" \/>\n\t<meta property=\"og:image:width\" content=\"850\" \/>\n\t<meta property=\"og:image:height\" content=\"315\" \/>\n\t<meta property=\"og:image:type\" content=\"image\/jpeg\" \/>\n<meta name=\"author\" content=\"admin\" \/>\n<meta name=\"twitter:card\" content=\"summary_large_image\" \/>\n<meta name=\"twitter:label1\" content=\"Napisane przez\" \/>\n\t<meta name=\"twitter:data1\" content=\"admin\" \/>\n\t<meta name=\"twitter:label2\" content=\"Szacowany czas czytania\" \/>\n\t<meta name=\"twitter:data2\" content=\"4 minuty\" \/>\n<script type=\"application\/ld+json\" class=\"yoast-schema-graph\">{\"@context\":\"https:\/\/schema.org\",\"@graph\":[{\"@type\":\"Article\",\"@id\":\"https:\/\/gcksirwegliniec.pl\/?p=2600#article\",\"isPartOf\":{\"@id\":\"https:\/\/gcksirwegliniec.pl\/?p=2600\"},\"author\":{\"name\":\"admin\",\"@id\":\"https:\/\/gcksirwegliniec.pl\/#\/schema\/person\/fabde4b0af16fcbecf71d410bc4fb681\"},\"headline\":\"Kabaret Paranienormalni na \u015awi\u0119cie Grzyb\u00f3w!\",\"datePublished\":\"2025-08-20T09:43:25+00:00\",\"dateModified\":\"2025-08-23T13:41:07+00:00\",\"mainEntityOfPage\":{\"@id\":\"https:\/\/gcksirwegliniec.pl\/?p=2600\"},\"wordCount\":115,\"commentCount\":0,\"publisher\":{\"@id\":\"https:\/\/gcksirwegliniec.pl\/#organization\"},\"image\":{\"@id\":\"https:\/\/gcksirwegliniec.pl\/?p=2600#primaryimage\"},\"thumbnailUrl\":\"https:\/\/gcksirwegliniec.pl\/wp-content\/uploads\/2025\/08\/1B3E488A-B720-43FD-B348-21B0FAAB5127_4_5005_c.jpeg\",\"articleSection\":[\"Zapowied\u017a\"],\"inLanguage\":\"pl-PL\",\"potentialAction\":[{\"@type\":\"CommentAction\",\"name\":\"Comment\",\"target\":[\"https:\/\/gcksirwegliniec.pl\/?p=2600#respond\"]}]},{\"@type\":\"WebPage\",\"@id\":\"https:\/\/gcksirwegliniec.pl\/?p=2600\",\"url\":\"https:\/\/gcksirwegliniec.pl\/?p=2600\",\"name\":\"Kabaret Paranienormalni na \u015awi\u0119cie Grzyb\u00f3w! - GCKSiR W\u0119gliniec\",\"isPartOf\":{\"@id\":\"https:\/\/gcksirwegliniec.pl\/#website\"},\"primaryImageOfPage\":{\"@id\":\"https:\/\/gcksirwegliniec.pl\/?p=2600#primaryimage\"},\"image\":{\"@id\":\"https:\/\/gcksirwegliniec.pl\/?p=2600#primaryimage\"},\"thumbnailUrl\":\"https:\/\/gcksirwegliniec.pl\/wp-content\/uploads\/2025\/08\/1B3E488A-B720-43FD-B348-21B0FAAB5127_4_5005_c.jpeg\",\"datePublished\":\"2025-08-20T09:43:25+00:00\",\"dateModified\":\"2025-08-23T13:41:07+00:00\",\"breadcrumb\":{\"@id\":\"https:\/\/gcksirwegliniec.pl\/?p=2600#breadcrumb\"},\"inLanguage\":\"pl-PL\",\"potentialAction\":[{\"@type\":\"ReadAction\",\"target\":[\"https:\/\/gcksirwegliniec.pl\/?p=2600\"]}]},{\"@type\":\"ImageObject\",\"inLanguage\":\"pl-PL\",\"@id\":\"https:\/\/gcksirwegliniec.pl\/?p=2600#primaryimage\",\"url\":\"https:\/\/gcksirwegliniec.pl\/wp-content\/uploads\/2025\/08\/1B3E488A-B720-43FD-B348-21B0FAAB5127_4_5005_c.jpeg\",\"contentUrl\":\"https:\/\/gcksirwegliniec.pl\/wp-content\/uploads\/2025\/08\/1B3E488A-B720-43FD-B348-21B0FAAB5127_4_5005_c.jpeg\",\"width\":850,\"height\":315},{\"@type\":\"BreadcrumbList\",\"@id\":\"https:\/\/gcksirwegliniec.pl\/?p=2600#breadcrumb\",\"itemListElement\":[{\"@type\":\"ListItem\",\"position\":1,\"name\":\"Home\",\"item\":\"https:\/\/gcksirwegliniec.pl\/\"},{\"@type\":\"ListItem\",\"position\":2,\"name\":\"Kabaret Paranienormalni na \u015awi\u0119cie Grzyb\u00f3w!\"}]},{\"@type\":\"WebSite\",\"@id\":\"https:\/\/gcksirwegliniec.pl\/#website\",\"url\":\"https:\/\/gcksirwegliniec.pl\/\",\"name\":\"GCKSiR W\u0119gliniec\",\"description\":\"\",\"publisher\":{\"@id\":\"https:\/\/gcksirwegliniec.pl\/#organization\"},\"potentialAction\":[{\"@type\":\"SearchAction\",\"target\":{\"@type\":\"EntryPoint\",\"urlTemplate\":\"https:\/\/gcksirwegliniec.pl\/?s={search_term_string}\"},\"query-input\":{\"@type\":\"PropertyValueSpecification\",\"valueRequired\":true,\"valueName\":\"search_term_string\"}}],\"inLanguage\":\"pl-PL\"},{\"@type\":\"Organization\",\"@id\":\"https:\/\/gcksirwegliniec.pl\/#organization\",\"name\":\"GCKSiR W\u0119gliniec\",\"url\":\"https:\/\/gcksirwegliniec.pl\/\",\"logo\":{\"@type\":\"ImageObject\",\"inLanguage\":\"pl-PL\",\"@id\":\"https:\/\/gcksirwegliniec.pl\/#\/schema\/logo\/image\/\",\"url\":\"https:\/\/gcksirwegliniec.pl\/wp-content\/uploads\/2025\/08\/cropped-A790B771-B708-480A-B996-7A8B9BB2ABCE.jpeg\",\"contentUrl\":\"https:\/\/gcksirwegliniec.pl\/wp-content\/uploads\/2025\/08\/cropped-A790B771-B708-480A-B996-7A8B9BB2ABCE.jpeg\",\"width\":689,\"height\":435,\"caption\":\"GCKSiR W\u0119gliniec\"},\"image\":{\"@id\":\"https:\/\/gcksirwegliniec.pl\/#\/schema\/logo\/image\/\"}},{\"@type\":\"Person\",\"@id\":\"https:\/\/gcksirwegliniec.pl\/#\/schema\/person\/fabde4b0af16fcbecf71d410bc4fb681\",\"name\":\"admin\",\"image\":{\"@type\":\"ImageObject\",\"inLanguage\":\"pl-PL\",\"@id\":\"https:\/\/gcksirwegliniec.pl\/#\/schema\/person\/image\/\",\"url\":\"https:\/\/secure.gravatar.com\/avatar\/548e407bfa377e5c0a3956ad929b032fb581c740b209e04c2371b3d6d80514d5?s=96&d=mm&r=g\",\"contentUrl\":\"https:\/\/secure.gravatar.com\/avatar\/548e407bfa377e5c0a3956ad929b032fb581c740b209e04c2371b3d6d80514d5?s=96&d=mm&r=g\",\"caption\":\"admin\"},\"sameAs\":[\"http:\/\/strona.gcksirwegliniec.pl\"],\"url\":\"https:\/\/gcksirwegliniec.pl\/?author=1\"}]}<\/script>\n<!-- \/ Yoast SEO plugin. -->","yoast_head_json":{"title":"Kabaret Paranienormalni na \u015awi\u0119cie Grzyb\u00f3w! - GCKSiR W\u0119gliniec","robots":{"index":"index","follow":"follow","max-snippet":"max-snippet:-1","max-image-preview":"max-image-preview:large","max-video-preview":"max-video-preview:-1"},"canonical":"https:\/\/gcksirwegliniec.pl\/?p=2600","og_locale":"pl_PL","og_type":"article","og_title":"Kabaret Paranienormalni na \u015awi\u0119cie Grzyb\u00f3w! - GCKSiR W\u0119gliniec","og_description":"Zaczynamy publikacj\u0119 zapowiedzi gwiazd, kt\u00f3re b\u0119dziemy go\u015bci\u0107 na XXVII edycji \u015awi\u0119ta Grzyb\u00f3w w W\u0119gli\u0144cu. KABARET&#46;&#46;&#46;","og_url":"https:\/\/gcksirwegliniec.pl\/?p=2600","og_site_name":"GCKSiR W\u0119gliniec","article_published_time":"2025-08-20T09:43:25+00:00","article_modified_time":"2025-08-23T13:41:07+00:00","og_image":[{"width":850,"height":315,"url":"https:\/\/gcksirwegliniec.pl\/wp-content\/uploads\/2025\/08\/1B3E488A-B720-43FD-B348-21B0FAAB5127_4_5005_c.jpeg","type":"image\/jpeg"}],"author":"admin","twitter_card":"summary_large_image","twitter_misc":{"Napisane przez":"admin","Szacowany czas czytania":"4 minuty"},"schema":{"@context":"https:\/\/schema.org","@graph":[{"@type":"Article","@id":"https:\/\/gcksirwegliniec.pl\/?p=2600#article","isPartOf":{"@id":"https:\/\/gcksirwegliniec.pl\/?p=2600"},"author":{"name":"admin","@id":"https:\/\/gcksirwegliniec.pl\/#\/schema\/person\/fabde4b0af16fcbecf71d410bc4fb681"},"headline":"Kabaret Paranienormalni na \u015awi\u0119cie Grzyb\u00f3w!","datePublished":"2025-08-20T09:43:25+00:00","dateModified":"2025-08-23T13:41:07+00:00","mainEntityOfPage":{"@id":"https:\/\/gcksirwegliniec.pl\/?p=2600"},"wordCount":115,"commentCount":0,"publisher":{"@id":"https:\/\/gcksirwegliniec.pl\/#organization"},"image":{"@id":"https:\/\/gcksirwegliniec.pl\/?p=2600#primaryimage"},"thumbnailUrl":"https:\/\/gcksirwegliniec.pl\/wp-content\/uploads\/2025\/08\/1B3E488A-B720-43FD-B348-21B0FAAB5127_4_5005_c.jpeg","articleSection":["Zapowied\u017a"],"inLanguage":"pl-PL","potentialAction":[{"@type":"CommentAction","name":"Comment","target":["https:\/\/gcksirwegliniec.pl\/?p=2600#respond"]}]},{"@type":"WebPage","@id":"https:\/\/gcksirwegliniec.pl\/?p=2600","url":"https:\/\/gcksirwegliniec.pl\/?p=2600","name":"Kabaret Paranienormalni na \u015awi\u0119cie Grzyb\u00f3w! - GCKSiR W\u0119gliniec","isPartOf":{"@id":"https:\/\/gcksirwegliniec.pl\/#website"},"primaryImageOfPage":{"@id":"https:\/\/gcksirwegliniec.pl\/?p=2600#primaryimage"},"image":{"@id":"https:\/\/gcksirwegliniec.pl\/?p=2600#primaryimage"},"thumbnailUrl":"https:\/\/gcksirwegliniec.pl\/wp-content\/uploads\/2025\/08\/1B3E488A-B720-43FD-B348-21B0FAAB5127_4_5005_c.jpeg","datePublished":"2025-08-20T09:43:25+00:00","dateModified":"2025-08-23T13:41:07+00:00","breadcrumb":{"@id":"https:\/\/gcksirwegliniec.pl\/?p=2600#breadcrumb"},"inLanguage":"pl-PL","potentialAction":[{"@type":"ReadAction","target":["https:\/\/gcksirwegliniec.pl\/?p=2600"]}]},{"@type":"ImageObject","inLanguage":"pl-PL","@id":"https:\/\/gcksirwegliniec.pl\/?p=2600#primaryimage","url":"https:\/\/gcksirwegliniec.pl\/wp-content\/uploads\/2025\/08\/1B3E488A-B720-43FD-B348-21B0FAAB5127_4_5005_c.jpeg","contentUrl":"https:\/\/gcksirwegliniec.pl\/wp-content\/uploads\/2025\/08\/1B3E488A-B720-43FD-B348-21B0FAAB5127_4_5005_c.jpeg","width":850,"height":315},{"@type":"BreadcrumbList","@id":"https:\/\/gcksirwegliniec.pl\/?p=2600#breadcrumb","itemListElement":[{"@type":"ListItem","position":1,"name":"Home","item":"https:\/\/gcksirwegliniec.pl\/"},{"@type":"ListItem","position":2,"name":"Kabaret Paranienormalni na \u015awi\u0119cie Grzyb\u00f3w!"}]},{"@type":"WebSite","@id":"https:\/\/gcksirwegliniec.pl\/#website","url":"https:\/\/gcksirwegliniec.pl\/","name":"GCKSiR W\u0119gliniec","description":"","publisher":{"@id":"https:\/\/gcksirwegliniec.pl\/#organization"},"potentialAction":[{"@type":"SearchAction","target":{"@type":"EntryPoint","urlTemplate":"https:\/\/gcksirwegliniec.pl\/?s={search_term_string}"},"query-input":{"@type":"PropertyValueSpecification","valueRequired":true,"valueName":"search_term_string"}}],"inLanguage":"pl-PL"},{"@type":"Organization","@id":"https:\/\/gcksirwegliniec.pl\/#organization","name":"GCKSiR W\u0119gliniec","url":"https:\/\/gcksirwegliniec.pl\/","logo":{"@type":"ImageObject","inLanguage":"pl-PL","@id":"https:\/\/gcksirwegliniec.pl\/#\/schema\/logo\/image\/","url":"https:\/\/gcksirwegliniec.pl\/wp-content\/uploads\/2025\/08\/cropped-A790B771-B708-480A-B996-7A8B9BB2ABCE.jpeg","contentUrl":"https:\/\/gcksirwegliniec.pl\/wp-content\/uploads\/2025\/08\/cropped-A790B771-B708-480A-B996-7A8B9BB2ABCE.jpeg","width":689,"height":435,"caption":"GCKSiR W\u0119gliniec"},"image":{"@id":"https:\/\/gcksirwegliniec.pl\/#\/schema\/logo\/image\/"}},{"@type":"Person","@id":"https:\/\/gcksirwegliniec.pl\/#\/schema\/person\/fabde4b0af16fcbecf71d410bc4fb681","name":"admin","image":{"@type":"ImageObject","inLanguage":"pl-PL","@id":"https:\/\/gcksirwegliniec.pl\/#\/schema\/person\/image\/","url":"https:\/\/secure.gravatar.com\/avatar\/548e407bfa377e5c0a3956ad929b032fb581c740b209e04c2371b3d6d80514d5?s=96&d=mm&r=g","contentUrl":"https:\/\/secure.gravatar.com\/avatar\/548e407bfa377e5c0a3956ad929b032fb581c740b209e04c2371b3d6d80514d5?s=96&d=mm&r=g","caption":"admin"},"sameAs":["http:\/\/strona.gcksirwegliniec.pl"],"url":"https:\/\/gcksirwegliniec.pl\/?author=1"}]}},"jetpack_featured_media_url":"https:\/\/gcksirwegliniec.pl\/wp-content\/uploads\/2025\/08\/1B3E488A-B720-43FD-B348-21B0FAAB5127_4_5005_c.jpeg","uagb_featured_image_src":{"full":["https:\/\/gcksirwegliniec.pl\/wp-content\/uploads\/2025\/08\/1B3E488A-B720-43FD-B348-21B0FAAB5127_4_5005_c.jpeg",850,315,false],"thumbnail":["https:\/\/gcksirwegliniec.pl\/wp-content\/uploads\/2025\/08\/1B3E488A-B720-43FD-B348-21B0FAAB5127_4_5005_c-150x150.jpeg",150,150,true],"medium":["https:\/\/gcksirwegliniec.pl\/wp-content\/uploads\/2025\/08\/1B3E488A-B720-43FD-B348-21B0FAAB5127_4_5005_c-300x111.jpeg",300,111,true],"medium_large":["https:\/\/gcksirwegliniec.pl\/wp-content\/uploads\/2025\/08\/1B3E488A-B720-43FD-B348-21B0FAAB5127_4_5005_c-768x285.jpeg",768,285,true],"large":["https:\/\/gcksirwegliniec.pl\/wp-content\/uploads\/2025\/08\/1B3E488A-B720-43FD-B348-21B0FAAB5127_4_5005_c.jpeg",850,315,false],"1536x1536":["https:\/\/gcksirwegliniec.pl\/wp-content\/uploads\/2025\/08\/1B3E488A-B720-43FD-B348-21B0FAAB5127_4_5005_c.jpeg",850,315,false],"2048x2048":["https:\/\/gcksirwegliniec.pl\/wp-content\/uploads\/2025\/08\/1B3E488A-B720-43FD-B348-21B0FAAB5127_4_5005_c.jpeg",850,315,false],"thumb-small":["https:\/\/gcksirwegliniec.pl\/wp-content\/uploads\/2025\/08\/1B3E488A-B720-43FD-B348-21B0FAAB5127_4_5005_c-80x80.jpeg",80,80,true],"thumb-standard":["https:\/\/gcksirwegliniec.pl\/wp-content\/uploads\/2025\/08\/1B3E488A-B720-43FD-B348-21B0FAAB5127_4_5005_c-320x315.jpeg",320,315,true],"thumb-medium":["https:\/\/gcksirwegliniec.pl\/wp-content\/uploads\/2025\/08\/1B3E488A-B720-43FD-B348-21B0FAAB5127_4_5005_c-520x245.jpeg",520,245,true],"thumb-large":["https:\/\/gcksirwegliniec.pl\/wp-content\/uploads\/2025\/08\/1B3E488A-B720-43FD-B348-21B0FAAB5127_4_5005_c-720x315.jpeg",720,315,true],"thumb-xlarge":["https:\/\/gcksirwegliniec.pl\/wp-content\/uploads\/2025\/08\/1B3E488A-B720-43FD-B348-21B0FAAB5127_4_5005_c.jpeg",850,315,false],"thumb-xxlarge":["https:\/\/gcksirwegliniec.pl\/wp-content\/uploads\/2025\/08\/1B3E488A-B720-43FD-B348-21B0FAAB5127_4_5005_c.jpeg",850,315,false],"thumb-large-no-crop":["https:\/\/gcksirwegliniec.pl\/wp-content\/uploads\/2025\/08\/1B3E488A-B720-43FD-B348-21B0FAAB5127_4_5005_c-720x267.jpeg",720,267,true],"thumb-medium-no-crop":["https:\/\/gcksirwegliniec.pl\/wp-content\/uploads\/2025\/08\/1B3E488A-B720-43FD-B348-21B0FAAB5127_4_5005_c-520x193.jpeg",520,193,true],"thumb-standard-no-crop":["https:\/\/gcksirwegliniec.pl\/wp-content\/uploads\/2025\/08\/1B3E488A-B720-43FD-B348-21B0FAAB5127_4_5005_c-320x119.jpeg",320,119,true],"mailpoet_newsletter_max":["https:\/\/gcksirwegliniec.pl\/wp-content\/uploads\/2025\/08\/1B3E488A-B720-43FD-B348-21B0FAAB5127_4_5005_c.jpeg",850,315,false],"woocommerce_thumbnail":["https:\/\/gcksirwegliniec.pl\/wp-content\/uploads\/2025\/08\/1B3E488A-B720-43FD-B348-21B0FAAB5127_4_5005_c-300x300.jpeg",300,300,true],"woocommerce_single":["https:\/\/gcksirwegliniec.pl\/wp-content\/uploads\/2025\/08\/1B3E488A-B720-43FD-B348-21B0FAAB5127_4_5005_c-600x222.jpeg",600,222,true],"woocommerce_gallery_thumbnail":["https:\/\/gcksirwegliniec.pl\/wp-content\/uploads\/2025\/08\/1B3E488A-B720-43FD-B348-21B0FAAB5127_4_5005_c-100x100.jpeg",100,100,true]},"uagb_author_info":{"display_name":"admin","author_link":"https:\/\/gcksirwegliniec.pl\/?author=1"},"uagb_comment_info":0,"uagb_excerpt":"Zaczynamy publikacj\u0119 zapowiedzi gwiazd, kt\u00f3re b\u0119dziemy go\u015bci\u0107 na XXVII edycji \u015awi\u0119ta Grzyb\u00f3w w W\u0119gli\u0144cu. KABARET&#46;&#46;&#46;","jetpack_sharing_enabled":true,"_links":{"self":[{"href":"https:\/\/gcksirwegliniec.pl\/index.php?rest_route=\/wp\/v2\/posts\/2600","targetHints":{"allow":["GET"]}}],"collection":[{"href":"https:\/\/gcksirwegliniec.pl\/index.php?rest_route=\/wp\/v2\/posts"}],"about":[{"href":"https:\/\/gcksirwegliniec.pl\/index.php?rest_route=\/wp\/v2\/types\/post"}],"author":[{"embeddable":true,"href":"https:\/\/gcksirwegliniec.pl\/index.php?rest_route=\/wp\/v2\/users\/1"}],"replies":[{"embeddable":true,"href":"https:\/\/gcksirwegliniec.pl\/index.php?rest_route=%2Fwp%2Fv2%2Fcomments&post=2600"}],"version-history":[{"count":3,"href":"https:\/\/gcksirwegliniec.pl\/index.php?rest_route=\/wp\/v2\/posts\/2600\/revisions"}],"predecessor-version":[{"id":2606,"href":"https:\/\/gcksirwegliniec.pl\/index.php?rest_route=\/wp\/v2\/posts\/2600\/revisions\/2606"}],"wp:featuredmedia":[{"embeddable":true,"href":"https:\/\/gcksirwegliniec.pl\/index.php?rest_route=\/wp\/v2\/media\/2608"}],"wp:attachment":[{"href":"https:\/\/gcksirwegliniec.pl\/index.php?rest_route=%2Fwp%2Fv2%2Fmedia&parent=2600"}],"wp:term":[{"taxonomy":"category","embeddable":true,"href":"https:\/\/gcksirwegliniec.pl\/index.php?rest_route=%2Fwp%2Fv2%2Fcategories&post=2600"},{"taxonomy":"post_tag","embeddable":true,"href":"https:\/\/gcksirwegliniec.pl\/index.php?rest_route=%2Fwp%2Fv2%2Ftags&post=2600"}],"curies":[{"name":"wp","href":"https:\/\/api.w.org\/{rel}","templated":true}]}}